{"id":36833,"date":"2026-09-04T17:03:58","date_gmt":"2026-09-04T23:03:58","guid":{"rendered":"https:\/\/puertomorelos.gob.mx\/comunicacionsocial\/?p=36833"},"modified":"2026-09-04T17:03:58","modified_gmt":"2026-09-04T23:03:58","slug":"se-mantiene-puerto-morelos-sin-conflagraciones-proteccion-civil-refuerza-vigilancia","status":"publish","type":"post","link":"https:\/\/puertomorelos.gob.mx\/comunicacionsocial\/se-mantiene-puerto-morelos-sin-conflagraciones-proteccion-civil-refuerza-vigilancia\/","title":{"rendered":"SE MANTIENE PUERTO MORELOS SIN CONFLAGRACIONES; PROTECCI\u00d3N CIVIL REFUERZA VIGILANCIA"},"content":{"rendered":"<p style=\"text-align: justify;\"><strong>Puerto Morelos, Quintana Roo a 4 de septiembre de 2026.\u2014 Puerto Morelos se mantiene sin registro de incendios forestales dentro de su territorio, inform\u00f3 la coordinadora municipal de Protecci\u00f3n Civil, Irma \u00c1vila M\u00e9ndez, quien se\u00f1al\u00f3 que se mantiene una vigilancia permanente de la geograf\u00eda municipal ante cualquier eventualidad.<\/strong><\/p>\n<p style=\"text-align: justify;\">Luego de los reportes ciudadanos sobre presencia de humo registrados en d\u00edas pasados, la funcionaria explic\u00f3 que contin\u00faan los recorridos de verificaci\u00f3n y sobrevuelos con drones en diferentes momentos del d\u00eda, como parte de las acciones preventivas para garantizar la seguridad de la poblaci\u00f3n.<\/p>\n<blockquote>\n<p style=\"text-align: justify;\">\u201cSeguimos libres de conflagraciones. Desde muy temprano, a las 6:45 de la ma\u00f1ana, llevamos a cabo, junto con Seguridad Ciudadana, elementos de la Defensa y Bomberos, la verificaci\u00f3n mediante im\u00e1genes de dron que sobrevol\u00f3 el municipio\u201d, explic\u00f3.<\/p>\n<\/blockquote>\n<p style=\"text-align: justify;\">\u00c1vila M\u00e9ndez destac\u00f3 que estas acciones permiten mantener un monitoreo constante y detectar oportunamente cualquier punto que pudiera representar un riesgo para Puerto Morelos.<\/p>\n<p style=\"text-align: justify;\">Asimismo, inform\u00f3 que permanece activa la coordinaci\u00f3n y colaboraci\u00f3n con brigadistas de Puerto Morelos con la Coordinaci\u00f3n Estatal de Protecci\u00f3n Civil, la Conafor y las autoridades de Protecci\u00f3n Civil y Bomberos de Benito Ju\u00e1rez, debido al incendio registrado en el municipio vecino, al sur de la colonia Chiapaneca.<\/p>\n<p style=\"text-align: justify;\">De acuerdo con el reporte de la Conafor, el incendio presenta una afectaci\u00f3n estimada de 120 hect\u00e1reas, 85 por ciento de control y 75 por ciento de liquidaci\u00f3n, con la participaci\u00f3n de 67 elementos de las distintas corporaciones.<\/p>\n<p style=\"text-align: justify;\">Durante el recorrido realizado este viernes, las brigadas constataron una importante concentraci\u00f3n de humo, pero sin presencia de fuego activo. \u00danicamente se observaron algunos troncos que contin\u00faan emanando humo en las zonas ya afectadas, sin condiciones para su propagaci\u00f3n.<\/p>\n<p style=\"text-align: justify;\">Asimismo, se confirm\u00f3 que las \u00e1reas del per\u00edmetro que permanec\u00edan activas el jueves se encuentran totalmente sofocadas, por lo que los trabajos se concentran en confinar el incendio y avanzar hacia su liquidaci\u00f3n total.<\/p>\n<p style=\"text-align: justify;\">La coordinadora municipal de Protecci\u00f3n Civil reiter\u00f3 que el Gobierno de Puerto Morelos mantiene comunicaci\u00f3n permanente con las autoridades estatales y municipales vecinas para atender cualquier situaci\u00f3n que pudiera representar un riesgo para la poblaci\u00f3n.<\/p>\n<blockquote>\n<p style=\"text-align: justify;\">\u201cSeguimos atentos a las instrucciones de nuestra presidenta municipal, Blanca Merari Tziu Mu\u00f1oz, para brindar seguridad y protecci\u00f3n a las y los habitantes de Puerto Morelos\u201d, puntualiz\u00f3.<\/p>\n<\/blockquote>\n","protected":false},"excerpt":{"rendered":"<p>Puerto Morelos, Quintana Roo a 4 de septiembre de 2026.\u2014 Puerto Morelos se mantiene sin registro de incendios forestales dentro de su territorio, inform\u00f3 la coordinadora municipal de Protecci\u00f3n Civil, Irma \u00c1vila M\u00e9ndez, quien se\u00f1al\u00f3 que se mantiene una vigilancia permanente de la geograf\u00eda municipal ante cualquier eventualidad. Luego de los reportes ciudadanos sobre presencia [&hellip;]<\/p>\n","protected":false},"author":1,"featured_media":36839,"comment_status":"closed","ping_status":"closed","sticky":false,"template":"","format":"gallery","meta":{"footnotes":""},"categories":[1],"tags":[],"class_list":["post-36833","post","type-post","status-publish","format-gallery","has-post-thumbnail","hentry","category-boletines","post_format-post-format-gallery"],"yoast_head":"<!-- This site is optimized with the Yoast SEO plugin v28.4 - https:\/\/yoast.com\/product\/yoast-seo-wordpress\/ -->\n<title>SE MANTIENE PUERTO MORELOS SIN CONFLAGRACIONES; PROTECCI\u00d3N CIVIL REFUERZA VIGILANCIA - Comunicaci\u00f3n Social de Puerto Morelos 2024 - 2027<\/title>\n<meta name=\"robots\" content=\"index, follow, max-snippet:-1, max-image-preview:large, max-video-preview:-1\" \/>\n<link rel=\"canonical\" href=\"https:\/\/puertomorelos.gob.mx\/comunicacionsocial\/se-mantiene-puerto-morelos-sin-conflagraciones-proteccion-civil-refuerza-vigilancia\/\" \/>\n<meta property=\"og:locale\" content=\"es_MX\" \/>\n<meta property=\"og:type\" content=\"article\" \/>\n<meta property=\"og:title\" content=\"SE MANTIENE PUERTO MORELOS SIN CONFLAGRACIONES; PROTECCI\u00d3N CIVIL REFUERZA VIGILANCIA - Comunicaci\u00f3n Social de Puerto Morelos 2024 - 2027\" \/>\n<meta property=\"og:description\" content=\"Puerto Morelos, Quintana Roo a 4 de septiembre de 2026.\u2014 Puerto Morelos se mantiene sin registro de incendios forestales dentro de su territorio, inform\u00f3 la coordinadora municipal de Protecci\u00f3n Civil, Irma \u00c1vila M\u00e9ndez, quien se\u00f1al\u00f3 que se mantiene una vigilancia permanente de la geograf\u00eda municipal ante cualquier eventualidad. Luego de los reportes ciudadanos sobre presencia [&hellip;]\" \/>\n<meta property=\"og:url\" content=\"https:\/\/puertomorelos.gob.mx\/comunicacionsocial\/se-mantiene-puerto-morelos-sin-conflagraciones-proteccion-civil-refuerza-vigilancia\/\" \/>\n<meta property=\"og:site_name\" content=\"Comunicaci\u00f3n Social de Puerto Morelos 2024 - 2027\" \/>\n<meta property=\"article:publisher\" content=\"https:\/\/www.facebook.com\/PtoMorelosAyto\" \/>\n<meta property=\"article:published_time\" content=\"2026-09-04T23:03:58+00:00\" \/>\n<meta property=\"og:image\" content=\"https:\/\/puertomorelos.gob.mx\/comunicacionsocial\/wp-content\/uploads\/2026\/09\/SE-MANTIENE-PUERTO-MORELOS-SIN-CONFLAGRACIONES-PROTECCION-CIVIL-REFUERZA-VIGILANCIA-6.jpeg\" \/>\n\t<meta property=\"og:image:width\" content=\"1600\" \/>\n\t<meta property=\"og:image:height\" content=\"737\" \/>\n\t<meta property=\"og:image:type\" content=\"image\/jpeg\" \/>\n<meta name=\"author\" content=\"comunicacionsocial\" \/>\n<meta name=\"twitter:card\" content=\"summary_large_image\" \/>\n<meta name=\"twitter:creator\" content=\"@PtoMorelosAyto\" \/>\n<meta name=\"twitter:site\" content=\"@PtoMorelosAyto\" \/>\n<meta name=\"twitter:label1\" content=\"Escrito por\" \/>\n\t<meta name=\"twitter:data1\" content=\"comunicacionsocial\" \/>\n\t<meta name=\"twitter:label2\" content=\"Tiempo de lectura\" \/>\n\t<meta name=\"twitter:data2\" content=\"2 minutos\" \/>\n<script type=\"application\/ld+json\" class=\"yoast-schema-graph\">{\"@context\":\"https:\\\/\\\/schema.org\",\"@graph\":[{\"@type\":\"Article\",\"@id\":\"https:\\\/\\\/puertomorelos.gob.mx\\\/comunicacionsocial\\\/se-mantiene-puerto-morelos-sin-conflagraciones-proteccion-civil-refuerza-vigilancia\\\/#article\",\"isPartOf\":{\"@id\":\"https:\\\/\\\/puertomorelos.gob.mx\\\/comunicacionsocial\\\/se-mantiene-puerto-morelos-sin-conflagraciones-proteccion-civil-refuerza-vigilancia\\\/\"},\"author\":{\"name\":\"comunicacionsocial\",\"@id\":\"https:\\\/\\\/puertomorelos.gob.mx\\\/comunicacionsocial\\\/#\\\/schema\\\/person\\\/78dbbd01f21077d4240a0193131f4cfc\"},\"headline\":\"SE MANTIENE PUERTO MORELOS SIN CONFLAGRACIONES; PROTECCI\u00d3N CIVIL REFUERZA VIGILANCIA\",\"datePublished\":\"2026-09-04T23:03:58+00:00\",\"mainEntityOfPage\":{\"@id\":\"https:\\\/\\\/puertomorelos.gob.mx\\\/comunicacionsocial\\\/se-mantiene-puerto-morelos-sin-conflagraciones-proteccion-civil-refuerza-vigilancia\\\/\"},\"wordCount\":413,\"publisher\":{\"@id\":\"https:\\\/\\\/puertomorelos.gob.mx\\\/comunicacionsocial\\\/#organization\"},\"image\":{\"@id\":\"https:\\\/\\\/puertomorelos.gob.mx\\\/comunicacionsocial\\\/se-mantiene-puerto-morelos-sin-conflagraciones-proteccion-civil-refuerza-vigilancia\\\/#primaryimage\"},\"thumbnailUrl\":\"https:\\\/\\\/puertomorelos.gob.mx\\\/comunicacionsocial\\\/wp-content\\\/uploads\\\/2026\\\/09\\\/SE-MANTIENE-PUERTO-MORELOS-SIN-CONFLAGRACIONES-PROTECCION-CIVIL-REFUERZA-VIGILANCIA-6.jpeg\",\"articleSection\":[\"BOLETINES\"],\"inLanguage\":\"es\"},{\"@type\":\"WebPage\",\"@id\":\"https:\\\/\\\/puertomorelos.gob.mx\\\/comunicacionsocial\\\/se-mantiene-puerto-morelos-sin-conflagraciones-proteccion-civil-refuerza-vigilancia\\\/\",\"url\":\"https:\\\/\\\/puertomorelos.gob.mx\\\/comunicacionsocial\\\/se-mantiene-puerto-morelos-sin-conflagraciones-proteccion-civil-refuerza-vigilancia\\\/\",\"name\":\"SE MANTIENE PUERTO MORELOS SIN CONFLAGRACIONES; PROTECCI\u00d3N CIVIL REFUERZA VIGILANCIA - Comunicaci\u00f3n Social de Puerto Morelos 2024 - 2027\",\"isPartOf\":{\"@id\":\"https:\\\/\\\/puertomorelos.gob.mx\\\/comunicacionsocial\\\/#website\"},\"primaryImageOfPage\":{\"@id\":\"https:\\\/\\\/puertomorelos.gob.mx\\\/comunicacionsocial\\\/se-mantiene-puerto-morelos-sin-conflagraciones-proteccion-civil-refuerza-vigilancia\\\/#primaryimage\"},\"image\":{\"@id\":\"https:\\\/\\\/puertomorelos.gob.mx\\\/comunicacionsocial\\\/se-mantiene-puerto-morelos-sin-conflagraciones-proteccion-civil-refuerza-vigilancia\\\/#primaryimage\"},\"thumbnailUrl\":\"https:\\\/\\\/puertomorelos.gob.mx\\\/comunicacionsocial\\\/wp-content\\\/uploads\\\/2026\\\/09\\\/SE-MANTIENE-PUERTO-MORELOS-SIN-CONFLAGRACIONES-PROTECCION-CIVIL-REFUERZA-VIGILANCIA-6.jpeg\",\"datePublished\":\"2026-09-04T23:03:58+00:00\",\"breadcrumb\":{\"@id\":\"https:\\\/\\\/puertomorelos.gob.mx\\\/comunicacionsocial\\\/se-mantiene-puerto-morelos-sin-conflagraciones-proteccion-civil-refuerza-vigilancia\\\/#breadcrumb\"},\"inLanguage\":\"es\",\"potentialAction\":[{\"@type\":\"ReadAction\",\"target\":[\"https:\\\/\\\/puertomorelos.gob.mx\\\/comunicacionsocial\\\/se-mantiene-puerto-morelos-sin-conflagraciones-proteccion-civil-refuerza-vigilancia\\\/\"]}]},{\"@type\":\"ImageObject\",\"inLanguage\":\"es\",\"@id\":\"https:\\\/\\\/puertomorelos.gob.mx\\\/comunicacionsocial\\\/se-mantiene-puerto-morelos-sin-conflagraciones-proteccion-civil-refuerza-vigilancia\\\/#primaryimage\",\"url\":\"https:\\\/\\\/puertomorelos.gob.mx\\\/comunicacionsocial\\\/wp-content\\\/uploads\\\/2026\\\/09\\\/SE-MANTIENE-PUERTO-MORELOS-SIN-CONFLAGRACIONES-PROTECCION-CIVIL-REFUERZA-VIGILANCIA-6.jpeg\",\"contentUrl\":\"https:\\\/\\\/puertomorelos.gob.mx\\\/comunicacionsocial\\\/wp-content\\\/uploads\\\/2026\\\/09\\\/SE-MANTIENE-PUERTO-MORELOS-SIN-CONFLAGRACIONES-PROTECCION-CIVIL-REFUERZA-VIGILANCIA-6.jpeg\",\"width\":1600,\"height\":737},{\"@type\":\"BreadcrumbList\",\"@id\":\"https:\\\/\\\/puertomorelos.gob.mx\\\/comunicacionsocial\\\/se-mantiene-puerto-morelos-sin-conflagraciones-proteccion-civil-refuerza-vigilancia\\\/#breadcrumb\",\"itemListElement\":[{\"@type\":\"ListItem\",\"position\":1,\"name\":\"Inicio\",\"item\":\"https:\\\/\\\/puertomorelos.gob.mx\\\/comunicacionsocial\\\/\"},{\"@type\":\"ListItem\",\"position\":2,\"name\":\"SE MANTIENE PUERTO MORELOS SIN CONFLAGRACIONES; PROTECCI\u00d3N CIVIL REFUERZA VIGILANCIA\"}]},{\"@type\":\"WebSite\",\"@id\":\"https:\\\/\\\/puertomorelos.gob.mx\\\/comunicacionsocial\\\/#website\",\"url\":\"https:\\\/\\\/puertomorelos.gob.mx\\\/comunicacionsocial\\\/\",\"name\":\"DIRECCI\u00d3N DE COMUNICACI\u00d3N SOCIAL PUERTO MORELOS\",\"description\":\"\",\"publisher\":{\"@id\":\"https:\\\/\\\/puertomorelos.gob.mx\\\/comunicacionsocial\\\/#organization\"},\"alternateName\":\"DIRECCI\u00d3N DE COMUNICACI\u00d3N SOCIAL PUERTO MORELOS\",\"potentialAction\":[{\"@type\":\"SearchAction\",\"target\":{\"@type\":\"EntryPoint\",\"urlTemplate\":\"https:\\\/\\\/puertomorelos.gob.mx\\\/comunicacionsocial\\\/?s={search_term_string}\"},\"query-input\":{\"@type\":\"PropertyValueSpecification\",\"valueRequired\":true,\"valueName\":\"search_term_string\"}}],\"inLanguage\":\"es\"},{\"@type\":\"Organization\",\"@id\":\"https:\\\/\\\/puertomorelos.gob.mx\\\/comunicacionsocial\\\/#organization\",\"name\":\"DIRECCI\u00d3N DE COMUNICACI\u00d3N SOCIAL PUERTO MORELOS\",\"url\":\"https:\\\/\\\/puertomorelos.gob.mx\\\/comunicacionsocial\\\/\",\"logo\":{\"@type\":\"ImageObject\",\"inLanguage\":\"es\",\"@id\":\"https:\\\/\\\/puertomorelos.gob.mx\\\/comunicacionsocial\\\/#\\\/schema\\\/logo\\\/image\\\/\",\"url\":\"https:\\\/\\\/puertomorelos.gob.mx\\\/comunicacionsocial\\\/wp-content\\\/uploads\\\/2023\\\/02\\\/dcs.jpg\",\"contentUrl\":\"https:\\\/\\\/puertomorelos.gob.mx\\\/comunicacionsocial\\\/wp-content\\\/uploads\\\/2023\\\/02\\\/dcs.jpg\",\"width\":1500,\"height\":1127,\"caption\":\"DIRECCI\u00d3N DE COMUNICACI\u00d3N SOCIAL PUERTO MORELOS\"},\"image\":{\"@id\":\"https:\\\/\\\/puertomorelos.gob.mx\\\/comunicacionsocial\\\/#\\\/schema\\\/logo\\\/image\\\/\"},\"sameAs\":[\"https:\\\/\\\/www.facebook.com\\\/PtoMorelosAyto\",\"https:\\\/\\\/x.com\\\/PtoMorelosAyto\"]},{\"@type\":\"Person\",\"@id\":\"https:\\\/\\\/puertomorelos.gob.mx\\\/comunicacionsocial\\\/#\\\/schema\\\/person\\\/78dbbd01f21077d4240a0193131f4cfc\",\"name\":\"comunicacionsocial\"}]}<\/script>\n<!-- \/ Yoast SEO plugin. -->","yoast_head_json":{"title":"SE MANTIENE PUERTO MORELOS SIN CONFLAGRACIONES; PROTECCI\u00d3N CIVIL REFUERZA VIGILANCIA - Comunicaci\u00f3n Social de Puerto Morelos 2024 - 2027","robots":{"index":"index","follow":"follow","max-snippet":"max-snippet:-1","max-image-preview":"max-image-preview:large","max-video-preview":"max-video-preview:-1"},"canonical":"https:\/\/puertomorelos.gob.mx\/comunicacionsocial\/se-mantiene-puerto-morelos-sin-conflagraciones-proteccion-civil-refuerza-vigilancia\/","og_locale":"es_MX","og_type":"article","og_title":"SE MANTIENE PUERTO MORELOS SIN CONFLAGRACIONES; PROTECCI\u00d3N CIVIL REFUERZA VIGILANCIA - Comunicaci\u00f3n Social de Puerto Morelos 2024 - 2027","og_description":"Puerto Morelos, Quintana Roo a 4 de septiembre de 2026.\u2014 Puerto Morelos se mantiene sin registro de incendios forestales dentro de su territorio, inform\u00f3 la coordinadora municipal de Protecci\u00f3n Civil, Irma \u00c1vila M\u00e9ndez, quien se\u00f1al\u00f3 que se mantiene una vigilancia permanente de la geograf\u00eda municipal ante cualquier eventualidad. Luego de los reportes ciudadanos sobre presencia [&hellip;]","og_url":"https:\/\/puertomorelos.gob.mx\/comunicacionsocial\/se-mantiene-puerto-morelos-sin-conflagraciones-proteccion-civil-refuerza-vigilancia\/","og_site_name":"Comunicaci\u00f3n Social de Puerto Morelos 2024 - 2027","article_publisher":"https:\/\/www.facebook.com\/PtoMorelosAyto","article_published_time":"2026-09-04T23:03:58+00:00","og_image":[{"width":1600,"height":737,"url":"https:\/\/puertomorelos.gob.mx\/comunicacionsocial\/wp-content\/uploads\/2026\/09\/SE-MANTIENE-PUERTO-MORELOS-SIN-CONFLAGRACIONES-PROTECCION-CIVIL-REFUERZA-VIGILANCIA-6.jpeg","type":"image\/jpeg"}],"author":"comunicacionsocial","twitter_card":"summary_large_image","twitter_creator":"@PtoMorelosAyto","twitter_site":"@PtoMorelosAyto","twitter_misc":{"Escrito por":"comunicacionsocial","Tiempo de lectura":"2 minutos"},"schema":{"@context":"https:\/\/schema.org","@graph":[{"@type":"Article","@id":"https:\/\/puertomorelos.gob.mx\/comunicacionsocial\/se-mantiene-puerto-morelos-sin-conflagraciones-proteccion-civil-refuerza-vigilancia\/#article","isPartOf":{"@id":"https:\/\/puertomorelos.gob.mx\/comunicacionsocial\/se-mantiene-puerto-morelos-sin-conflagraciones-proteccion-civil-refuerza-vigilancia\/"},"author":{"name":"comunicacionsocial","@id":"https:\/\/puertomorelos.gob.mx\/comunicacionsocial\/#\/schema\/person\/78dbbd01f21077d4240a0193131f4cfc"},"headline":"SE MANTIENE PUERTO MORELOS SIN CONFLAGRACIONES; PROTECCI\u00d3N CIVIL REFUERZA VIGILANCIA","datePublished":"2026-09-04T23:03:58+00:00","mainEntityOfPage":{"@id":"https:\/\/puertomorelos.gob.mx\/comunicacionsocial\/se-mantiene-puerto-morelos-sin-conflagraciones-proteccion-civil-refuerza-vigilancia\/"},"wordCount":413,"publisher":{"@id":"https:\/\/puertomorelos.gob.mx\/comunicacionsocial\/#organization"},"image":{"@id":"https:\/\/puertomorelos.gob.mx\/comunicacionsocial\/se-mantiene-puerto-morelos-sin-conflagraciones-proteccion-civil-refuerza-vigilancia\/#primaryimage"},"thumbnailUrl":"https:\/\/puertomorelos.gob.mx\/comunicacionsocial\/wp-content\/uploads\/2026\/09\/SE-MANTIENE-PUERTO-MORELOS-SIN-CONFLAGRACIONES-PROTECCION-CIVIL-REFUERZA-VIGILANCIA-6.jpeg","articleSection":["BOLETINES"],"inLanguage":"es"},{"@type":"WebPage","@id":"https:\/\/puertomorelos.gob.mx\/comunicacionsocial\/se-mantiene-puerto-morelos-sin-conflagraciones-proteccion-civil-refuerza-vigilancia\/","url":"https:\/\/puertomorelos.gob.mx\/comunicacionsocial\/se-mantiene-puerto-morelos-sin-conflagraciones-proteccion-civil-refuerza-vigilancia\/","name":"SE MANTIENE PUERTO MORELOS SIN CONFLAGRACIONES; PROTECCI\u00d3N CIVIL REFUERZA VIGILANCIA - Comunicaci\u00f3n Social de Puerto Morelos 2024 - 2027","isPartOf":{"@id":"https:\/\/puertomorelos.gob.mx\/comunicacionsocial\/#website"},"primaryImageOfPage":{"@id":"https:\/\/puertomorelos.gob.mx\/comunicacionsocial\/se-mantiene-puerto-morelos-sin-conflagraciones-proteccion-civil-refuerza-vigilancia\/#primaryimage"},"image":{"@id":"https:\/\/puertomorelos.gob.mx\/comunicacionsocial\/se-mantiene-puerto-morelos-sin-conflagraciones-proteccion-civil-refuerza-vigilancia\/#primaryimage"},"thumbnailUrl":"https:\/\/puertomorelos.gob.mx\/comunicacionsocial\/wp-content\/uploads\/2026\/09\/SE-MANTIENE-PUERTO-MORELOS-SIN-CONFLAGRACIONES-PROTECCION-CIVIL-REFUERZA-VIGILANCIA-6.jpeg","datePublished":"2026-09-04T23:03:58+00:00","breadcrumb":{"@id":"https:\/\/puertomorelos.gob.mx\/comunicacionsocial\/se-mantiene-puerto-morelos-sin-conflagraciones-proteccion-civil-refuerza-vigilancia\/#breadcrumb"},"inLanguage":"es","potentialAction":[{"@type":"ReadAction","target":["https:\/\/puertomorelos.gob.mx\/comunicacionsocial\/se-mantiene-puerto-morelos-sin-conflagraciones-proteccion-civil-refuerza-vigilancia\/"]}]},{"@type":"ImageObject","inLanguage":"es","@id":"https:\/\/puertomorelos.gob.mx\/comunicacionsocial\/se-mantiene-puerto-morelos-sin-conflagraciones-proteccion-civil-refuerza-vigilancia\/#primaryimage","url":"https:\/\/puertomorelos.gob.mx\/comunicacionsocial\/wp-content\/uploads\/2026\/09\/SE-MANTIENE-PUERTO-MORELOS-SIN-CONFLAGRACIONES-PROTECCION-CIVIL-REFUERZA-VIGILANCIA-6.jpeg","contentUrl":"https:\/\/puertomorelos.gob.mx\/comunicacionsocial\/wp-content\/uploads\/2026\/09\/SE-MANTIENE-PUERTO-MORELOS-SIN-CONFLAGRACIONES-PROTECCION-CIVIL-REFUERZA-VIGILANCIA-6.jpeg","width":1600,"height":737},{"@type":"BreadcrumbList","@id":"https:\/\/puertomorelos.gob.mx\/comunicacionsocial\/se-mantiene-puerto-morelos-sin-conflagraciones-proteccion-civil-refuerza-vigilancia\/#breadcrumb","itemListElement":[{"@type":"ListItem","position":1,"name":"Inicio","item":"https:\/\/puertomorelos.gob.mx\/comunicacionsocial\/"},{"@type":"ListItem","position":2,"name":"SE MANTIENE PUERTO MORELOS SIN CONFLAGRACIONES; PROTECCI\u00d3N CIVIL REFUERZA VIGILANCIA"}]},{"@type":"WebSite","@id":"https:\/\/puertomorelos.gob.mx\/comunicacionsocial\/#website","url":"https:\/\/puertomorelos.gob.mx\/comunicacionsocial\/","name":"DIRECCI\u00d3N DE COMUNICACI\u00d3N SOCIAL PUERTO MORELOS","description":"","publisher":{"@id":"https:\/\/puertomorelos.gob.mx\/comunicacionsocial\/#organization"},"alternateName":"DIRECCI\u00d3N DE COMUNICACI\u00d3N SOCIAL PUERTO MORELOS","potentialAction":[{"@type":"SearchAction","target":{"@type":"EntryPoint","urlTemplate":"https:\/\/puertomorelos.gob.mx\/comunicacionsocial\/?s={search_term_string}"},"query-input":{"@type":"PropertyValueSpecification","valueRequired":true,"valueName":"search_term_string"}}],"inLanguage":"es"},{"@type":"Organization","@id":"https:\/\/puertomorelos.gob.mx\/comunicacionsocial\/#organization","name":"DIRECCI\u00d3N DE COMUNICACI\u00d3N SOCIAL PUERTO MORELOS","url":"https:\/\/puertomorelos.gob.mx\/comunicacionsocial\/","logo":{"@type":"ImageObject","inLanguage":"es","@id":"https:\/\/puertomorelos.gob.mx\/comunicacionsocial\/#\/schema\/logo\/image\/","url":"https:\/\/puertomorelos.gob.mx\/comunicacionsocial\/wp-content\/uploads\/2023\/02\/dcs.jpg","contentUrl":"https:\/\/puertomorelos.gob.mx\/comunicacionsocial\/wp-content\/uploads\/2023\/02\/dcs.jpg","width":1500,"height":1127,"caption":"DIRECCI\u00d3N DE COMUNICACI\u00d3N SOCIAL PUERTO MORELOS"},"image":{"@id":"https:\/\/puertomorelos.gob.mx\/comunicacionsocial\/#\/schema\/logo\/image\/"},"sameAs":["https:\/\/www.facebook.com\/PtoMorelosAyto","https:\/\/x.com\/PtoMorelosAyto"]},{"@type":"Person","@id":"https:\/\/puertomorelos.gob.mx\/comunicacionsocial\/#\/schema\/person\/78dbbd01f21077d4240a0193131f4cfc","name":"comunicacionsocial"}]}},"amp_enabled":true,"_links":{"self":[{"href":"https:\/\/puertomorelos.gob.mx\/comunicacionsocial\/wp-json\/wp\/v2\/posts\/36833","targetHints":{"allow":["GET"]}}],"collection":[{"href":"https:\/\/puertomorelos.gob.mx\/comunicacionsocial\/wp-json\/wp\/v2\/posts"}],"about":[{"href":"https:\/\/puertomorelos.gob.mx\/comunicacionsocial\/wp-json\/wp\/v2\/types\/post"}],"author":[{"embeddable":true,"href":"https:\/\/puertomorelos.gob.mx\/comunicacionsocial\/wp-json\/wp\/v2\/users\/1"}],"replies":[{"embeddable":true,"href":"https:\/\/puertomorelos.gob.mx\/comunicacionsocial\/wp-json\/wp\/v2\/comments?post=36833"}],"version-history":[{"count":1,"href":"https:\/\/puertomorelos.gob.mx\/comunicacionsocial\/wp-json\/wp\/v2\/posts\/36833\/revisions"}],"predecessor-version":[{"id":36840,"href":"https:\/\/puertomorelos.gob.mx\/comunicacionsocial\/wp-json\/wp\/v2\/posts\/36833\/revisions\/36840"}],"wp:featuredmedia":[{"embeddable":true,"href":"https:\/\/puertomorelos.gob.mx\/comunicacionsocial\/wp-json\/wp\/v2\/media\/36839"}],"wp:attachment":[{"href":"https:\/\/puertomorelos.gob.mx\/comunicacionsocial\/wp-json\/wp\/v2\/media?parent=36833"}],"wp:term":[{"taxonomy":"category","embeddable":true,"href":"https:\/\/puertomorelos.gob.mx\/comunicacionsocial\/wp-json\/wp\/v2\/categories?post=36833"},{"taxonomy":"post_tag","embeddable":true,"href":"https:\/\/puertomorelos.gob.mx\/comunicacionsocial\/wp-json\/wp\/v2\/tags?post=36833"}],"curies":[{"name":"wp","href":"https:\/\/api.w.org\/{rel}","templated":true}]}}