{"id":36811,"date":"2026-09-03T14:39:34","date_gmt":"2026-09-03T20:39:34","guid":{"rendered":"https:\/\/puertomorelos.gob.mx\/comunicacionsocial\/?p=36811"},"modified":"2026-09-03T14:39:34","modified_gmt":"2026-09-03T20:39:34","slug":"continuan-acciones-coordinadas-para-mitigar-efectos-del-humo-por-incendio-forestal","status":"publish","type":"post","link":"https:\/\/puertomorelos.gob.mx\/comunicacionsocial\/continuan-acciones-coordinadas-para-mitigar-efectos-del-humo-por-incendio-forestal\/","title":{"rendered":"CONTIN\u00daAN ACCIONES COORDINADAS PARA MITIGAR EFECTOS DEL HUMO POR INCENDIO FORESTAL"},"content":{"rendered":"<p style=\"text-align: justify;\"><strong>Puerto Morelos, Quintana Roo, 3 de septiembre de 2026.\u2014 Por instrucci\u00f3n de la presidenta municipal Blanca Merari Tziu Mu\u00f1oz, el Gobierno de Puerto Morelos mantiene acciones permanentes de vigilancia y coordinaci\u00f3n interinstitucional para mitigar los efectos del humo que afecta al municipio, derivado de un incendio forestal registrado en Benito Ju\u00e1rez.<\/strong><\/p>\n<p style=\"text-align: justify;\">La coordinadora municipal de Protecci\u00f3n Civil, Irma \u00c1vila M\u00e9ndez, inform\u00f3 que durante las primeras horas de este jueves se realizaron diversos sobrevuelos de reconocimiento en la geograf\u00eda municipal, sin que se detectara alg\u00fan incendio activo dentro de Puerto Morelos.<\/p>\n<p style=\"text-align: justify;\">A las 4:00 horas se efectu\u00f3 un vuelo con dron en distintos puntos del municipio, con la participaci\u00f3n del Coordinador Estatal de Protecci\u00f3n Civil, Guillermo N\u00fa\u00f1ez Leal, Protecci\u00f3n Civil Municipal, Bomberos y Seguridad Ciudadana Municipal. Posteriormente, a las 5:30 horas, se realiz\u00f3 otro vuelo de reconocimiento sobre la zona del incendio identificado en Benito Ju\u00e1rez, al sur de la colonia Chiapaneca.<\/p>\n<blockquote>\n<p style=\"text-align: justify;\">\u00c1vila M\u00e9ndez, indic\u00f3 que a las 7:00 horas, en coordinaci\u00f3n con Bomberos de Canc\u00fan y la Secretar\u00eda de Seguridad Ciudadana, se llev\u00f3 a cabo un sobrevuelo en helic\u00f3ptero equipado con c\u00e1mara t\u00e9rmica sobre todo el territorio de Puerto Morelos. El monitoreo confirm\u00f3 nuevamente que no existe un incendio activo en el municipio; sin embargo, se detect\u00f3 una importante acumulaci\u00f3n de humo proveniente de Benito Ju\u00e1rez, donde s\u00ed fueron identificados puntos con actividad de fuego.<\/p>\n<\/blockquote>\n<p style=\"text-align: justify;\">Como parte de las acciones de coordinaci\u00f3n regional, se instal\u00f3 un Puesto de Mando M\u00f3vil en Canc\u00fan, encabezado por la Coordinaci\u00f3n Estatal de Protecci\u00f3n Civil y la Direcci\u00f3n General de Protecci\u00f3n Civil de Benito Ju\u00e1rez, desde donde ambos municipios mantienen comunicaci\u00f3n y trabajan conjuntamente en las labores de mitigaci\u00f3n y atenci\u00f3n de la emergencia.<\/p>\n<p style=\"text-align: justify;\">Asimismo, desde las 7:00 horas ingres\u00f3 personal brigadista para reforzar las labores de combate del incendio en Canc\u00fan, con la participaci\u00f3n de la Comisi\u00f3n Nacional Forestal (CONAFOR), la Coordinaci\u00f3n Estatal de Protecci\u00f3n Civil, Bomberos de Canc\u00fan, Protecci\u00f3n Civil, Secretar\u00eda de la Defensa Nacional y elementos de Protecci\u00f3n Civil y Bomberos de Puerto Morelos, as\u00ed como brigadistas de la Secretaria de la Defensa Nacional (SEDENA).<\/p>\n<p style=\"text-align: justify;\">A las 14:00 hrs. nuevamente se realiz\u00f3 un sorevuelo sobre la geografia municipal de Puerto Morelos sin que se tuviera registro de conflagraci\u00f3n.<\/p>\n<p style=\"text-align: justify;\">En este esfuerzo, Puerto Morelos aporta ocho elementos de Bomberos, una pipa con capacidad de 10 mil litros de agua, dos camionetas utilitarias, rastrillos, machetes y equipo especializado para el combate de incendios forestales.<\/p>\n<p style=\"text-align: justify;\">La presidenta Blanca Merari Tziu Mu\u00f1oz reiter\u00f3 que la prioridad de su gobierno es salvaguardar la integridad de las familias portomorelenses, por lo que se mantendr\u00e1n los recorridos, sobrevuelos y labores de monitoreo hasta que las condiciones permitan descartar cualquier riesgo para la poblaci\u00f3n.<\/p>\n<p style=\"text-align: justify;\"><strong>Finalmente, la coordinadora de Protecci\u00f3n Civil, indic\u00f3 se mantiene la guardia en alto: sin bajar la vigilancia en territorio y sumando capacidades con los municipios vecinos para hacer frente a esta contingencia y proteger a las familias.<\/strong><\/p>\n<p style=\"text-align: justify;\"><strong>-0-0-0-0-0-<\/strong><\/p>\n","protected":false},"excerpt":{"rendered":"<p>Puerto Morelos, Quintana Roo, 3 de septiembre de 2026.\u2014 Por instrucci\u00f3n de la presidenta municipal Blanca Merari Tziu Mu\u00f1oz, el Gobierno de Puerto Morelos mantiene acciones permanentes de vigilancia y coordinaci\u00f3n interinstitucional para mitigar los efectos del humo que afecta al municipio, derivado de un incendio forestal registrado en Benito Ju\u00e1rez. La coordinadora municipal de [&hellip;]<\/p>\n","protected":false},"author":1,"featured_media":36820,"comment_status":"closed","ping_status":"closed","sticky":false,"template":"","format":"gallery","meta":{"footnotes":""},"categories":[1],"tags":[],"class_list":["post-36811","post","type-post","status-publish","format-gallery","has-post-thumbnail","hentry","category-boletines","post_format-post-format-gallery"],"yoast_head":"<!-- This site is optimized with the Yoast SEO plugin v28.4 - https:\/\/yoast.com\/product\/yoast-seo-wordpress\/ -->\n<title>CONTIN\u00daAN ACCIONES COORDINADAS PARA MITIGAR EFECTOS DEL HUMO POR INCENDIO FORESTAL - Comunicaci\u00f3n Social de Puerto Morelos 2024 - 2027<\/title>\n<meta name=\"robots\" content=\"index, follow, max-snippet:-1, max-image-preview:large, max-video-preview:-1\" \/>\n<link rel=\"canonical\" href=\"https:\/\/puertomorelos.gob.mx\/comunicacionsocial\/continuan-acciones-coordinadas-para-mitigar-efectos-del-humo-por-incendio-forestal\/\" \/>\n<meta property=\"og:locale\" content=\"es_MX\" \/>\n<meta property=\"og:type\" content=\"article\" \/>\n<meta property=\"og:title\" content=\"CONTIN\u00daAN ACCIONES COORDINADAS PARA MITIGAR EFECTOS DEL HUMO POR INCENDIO FORESTAL - Comunicaci\u00f3n Social de Puerto Morelos 2024 - 2027\" \/>\n<meta property=\"og:description\" content=\"Puerto Morelos, Quintana Roo, 3 de septiembre de 2026.\u2014 Por instrucci\u00f3n de la presidenta municipal Blanca Merari Tziu Mu\u00f1oz, el Gobierno de Puerto Morelos mantiene acciones permanentes de vigilancia y coordinaci\u00f3n interinstitucional para mitigar los efectos del humo que afecta al municipio, derivado de un incendio forestal registrado en Benito Ju\u00e1rez. La coordinadora municipal de [&hellip;]\" \/>\n<meta property=\"og:url\" content=\"https:\/\/puertomorelos.gob.mx\/comunicacionsocial\/continuan-acciones-coordinadas-para-mitigar-efectos-del-humo-por-incendio-forestal\/\" \/>\n<meta property=\"og:site_name\" content=\"Comunicaci\u00f3n Social de Puerto Morelos 2024 - 2027\" \/>\n<meta property=\"article:publisher\" content=\"https:\/\/www.facebook.com\/PtoMorelosAyto\" \/>\n<meta property=\"article:published_time\" content=\"2026-09-03T20:39:34+00:00\" \/>\n<meta property=\"og:image\" content=\"https:\/\/puertomorelos.gob.mx\/comunicacionsocial\/wp-content\/uploads\/2026\/09\/CONTINUAN-ACCIONES-COORDINADAS-PARA-MITIGAR-EFECTOS-DEL-HUMO-POR-INCENDIO-FORESTAL-9.jpeg\" \/>\n\t<meta property=\"og:image:width\" content=\"1600\" \/>\n\t<meta property=\"og:image:height\" content=\"1066\" \/>\n\t<meta property=\"og:image:type\" content=\"image\/jpeg\" \/>\n<meta name=\"author\" content=\"comunicacionsocial\" \/>\n<meta name=\"twitter:card\" content=\"summary_large_image\" \/>\n<meta name=\"twitter:creator\" content=\"@PtoMorelosAyto\" \/>\n<meta name=\"twitter:site\" content=\"@PtoMorelosAyto\" \/>\n<meta name=\"twitter:label1\" content=\"Escrito por\" \/>\n\t<meta name=\"twitter:data1\" content=\"comunicacionsocial\" \/>\n\t<meta name=\"twitter:label2\" content=\"Tiempo de lectura\" \/>\n\t<meta name=\"twitter:data2\" content=\"3 minutos\" \/>\n<script type=\"application\/ld+json\" class=\"yoast-schema-graph\">{\"@context\":\"https:\\\/\\\/schema.org\",\"@graph\":[{\"@type\":\"Article\",\"@id\":\"https:\\\/\\\/puertomorelos.gob.mx\\\/comunicacionsocial\\\/continuan-acciones-coordinadas-para-mitigar-efectos-del-humo-por-incendio-forestal\\\/#article\",\"isPartOf\":{\"@id\":\"https:\\\/\\\/puertomorelos.gob.mx\\\/comunicacionsocial\\\/continuan-acciones-coordinadas-para-mitigar-efectos-del-humo-por-incendio-forestal\\\/\"},\"author\":{\"name\":\"comunicacionsocial\",\"@id\":\"https:\\\/\\\/puertomorelos.gob.mx\\\/comunicacionsocial\\\/#\\\/schema\\\/person\\\/78dbbd01f21077d4240a0193131f4cfc\"},\"headline\":\"CONTIN\u00daAN ACCIONES COORDINADAS PARA MITIGAR EFECTOS DEL HUMO POR INCENDIO FORESTAL\",\"datePublished\":\"2026-09-03T20:39:34+00:00\",\"mainEntityOfPage\":{\"@id\":\"https:\\\/\\\/puertomorelos.gob.mx\\\/comunicacionsocial\\\/continuan-acciones-coordinadas-para-mitigar-efectos-del-humo-por-incendio-forestal\\\/\"},\"wordCount\":537,\"publisher\":{\"@id\":\"https:\\\/\\\/puertomorelos.gob.mx\\\/comunicacionsocial\\\/#organization\"},\"image\":{\"@id\":\"https:\\\/\\\/puertomorelos.gob.mx\\\/comunicacionsocial\\\/continuan-acciones-coordinadas-para-mitigar-efectos-del-humo-por-incendio-forestal\\\/#primaryimage\"},\"thumbnailUrl\":\"https:\\\/\\\/puertomorelos.gob.mx\\\/comunicacionsocial\\\/wp-content\\\/uploads\\\/2026\\\/09\\\/CONTINUAN-ACCIONES-COORDINADAS-PARA-MITIGAR-EFECTOS-DEL-HUMO-POR-INCENDIO-FORESTAL-9.jpeg\",\"articleSection\":[\"BOLETINES\"],\"inLanguage\":\"es\"},{\"@type\":\"WebPage\",\"@id\":\"https:\\\/\\\/puertomorelos.gob.mx\\\/comunicacionsocial\\\/continuan-acciones-coordinadas-para-mitigar-efectos-del-humo-por-incendio-forestal\\\/\",\"url\":\"https:\\\/\\\/puertomorelos.gob.mx\\\/comunicacionsocial\\\/continuan-acciones-coordinadas-para-mitigar-efectos-del-humo-por-incendio-forestal\\\/\",\"name\":\"CONTIN\u00daAN ACCIONES COORDINADAS PARA MITIGAR EFECTOS DEL HUMO POR INCENDIO FORESTAL - Comunicaci\u00f3n Social de Puerto Morelos 2024 - 2027\",\"isPartOf\":{\"@id\":\"https:\\\/\\\/puertomorelos.gob.mx\\\/comunicacionsocial\\\/#website\"},\"primaryImageOfPage\":{\"@id\":\"https:\\\/\\\/puertomorelos.gob.mx\\\/comunicacionsocial\\\/continuan-acciones-coordinadas-para-mitigar-efectos-del-humo-por-incendio-forestal\\\/#primaryimage\"},\"image\":{\"@id\":\"https:\\\/\\\/puertomorelos.gob.mx\\\/comunicacionsocial\\\/continuan-acciones-coordinadas-para-mitigar-efectos-del-humo-por-incendio-forestal\\\/#primaryimage\"},\"thumbnailUrl\":\"https:\\\/\\\/puertomorelos.gob.mx\\\/comunicacionsocial\\\/wp-content\\\/uploads\\\/2026\\\/09\\\/CONTINUAN-ACCIONES-COORDINADAS-PARA-MITIGAR-EFECTOS-DEL-HUMO-POR-INCENDIO-FORESTAL-9.jpeg\",\"datePublished\":\"2026-09-03T20:39:34+00:00\",\"breadcrumb\":{\"@id\":\"https:\\\/\\\/puertomorelos.gob.mx\\\/comunicacionsocial\\\/continuan-acciones-coordinadas-para-mitigar-efectos-del-humo-por-incendio-forestal\\\/#breadcrumb\"},\"inLanguage\":\"es\",\"potentialAction\":[{\"@type\":\"ReadAction\",\"target\":[\"https:\\\/\\\/puertomorelos.gob.mx\\\/comunicacionsocial\\\/continuan-acciones-coordinadas-para-mitigar-efectos-del-humo-por-incendio-forestal\\\/\"]}]},{\"@type\":\"ImageObject\",\"inLanguage\":\"es\",\"@id\":\"https:\\\/\\\/puertomorelos.gob.mx\\\/comunicacionsocial\\\/continuan-acciones-coordinadas-para-mitigar-efectos-del-humo-por-incendio-forestal\\\/#primaryimage\",\"url\":\"https:\\\/\\\/puertomorelos.gob.mx\\\/comunicacionsocial\\\/wp-content\\\/uploads\\\/2026\\\/09\\\/CONTINUAN-ACCIONES-COORDINADAS-PARA-MITIGAR-EFECTOS-DEL-HUMO-POR-INCENDIO-FORESTAL-9.jpeg\",\"contentUrl\":\"https:\\\/\\\/puertomorelos.gob.mx\\\/comunicacionsocial\\\/wp-content\\\/uploads\\\/2026\\\/09\\\/CONTINUAN-ACCIONES-COORDINADAS-PARA-MITIGAR-EFECTOS-DEL-HUMO-POR-INCENDIO-FORESTAL-9.jpeg\",\"width\":1600,\"height\":1066},{\"@type\":\"BreadcrumbList\",\"@id\":\"https:\\\/\\\/puertomorelos.gob.mx\\\/comunicacionsocial\\\/continuan-acciones-coordinadas-para-mitigar-efectos-del-humo-por-incendio-forestal\\\/#breadcrumb\",\"itemListElement\":[{\"@type\":\"ListItem\",\"position\":1,\"name\":\"Inicio\",\"item\":\"https:\\\/\\\/puertomorelos.gob.mx\\\/comunicacionsocial\\\/\"},{\"@type\":\"ListItem\",\"position\":2,\"name\":\"CONTIN\u00daAN ACCIONES COORDINADAS PARA MITIGAR EFECTOS DEL HUMO POR INCENDIO FORESTAL\"}]},{\"@type\":\"WebSite\",\"@id\":\"https:\\\/\\\/puertomorelos.gob.mx\\\/comunicacionsocial\\\/#website\",\"url\":\"https:\\\/\\\/puertomorelos.gob.mx\\\/comunicacionsocial\\\/\",\"name\":\"DIRECCI\u00d3N DE COMUNICACI\u00d3N SOCIAL PUERTO MORELOS\",\"description\":\"\",\"publisher\":{\"@id\":\"https:\\\/\\\/puertomorelos.gob.mx\\\/comunicacionsocial\\\/#organization\"},\"alternateName\":\"DIRECCI\u00d3N DE COMUNICACI\u00d3N SOCIAL PUERTO MORELOS\",\"potentialAction\":[{\"@type\":\"SearchAction\",\"target\":{\"@type\":\"EntryPoint\",\"urlTemplate\":\"https:\\\/\\\/puertomorelos.gob.mx\\\/comunicacionsocial\\\/?s={search_term_string}\"},\"query-input\":{\"@type\":\"PropertyValueSpecification\",\"valueRequired\":true,\"valueName\":\"search_term_string\"}}],\"inLanguage\":\"es\"},{\"@type\":\"Organization\",\"@id\":\"https:\\\/\\\/puertomorelos.gob.mx\\\/comunicacionsocial\\\/#organization\",\"name\":\"DIRECCI\u00d3N DE COMUNICACI\u00d3N SOCIAL PUERTO MORELOS\",\"url\":\"https:\\\/\\\/puertomorelos.gob.mx\\\/comunicacionsocial\\\/\",\"logo\":{\"@type\":\"ImageObject\",\"inLanguage\":\"es\",\"@id\":\"https:\\\/\\\/puertomorelos.gob.mx\\\/comunicacionsocial\\\/#\\\/schema\\\/logo\\\/image\\\/\",\"url\":\"https:\\\/\\\/puertomorelos.gob.mx\\\/comunicacionsocial\\\/wp-content\\\/uploads\\\/2023\\\/02\\\/dcs.jpg\",\"contentUrl\":\"https:\\\/\\\/puertomorelos.gob.mx\\\/comunicacionsocial\\\/wp-content\\\/uploads\\\/2023\\\/02\\\/dcs.jpg\",\"width\":1500,\"height\":1127,\"caption\":\"DIRECCI\u00d3N DE COMUNICACI\u00d3N SOCIAL PUERTO MORELOS\"},\"image\":{\"@id\":\"https:\\\/\\\/puertomorelos.gob.mx\\\/comunicacionsocial\\\/#\\\/schema\\\/logo\\\/image\\\/\"},\"sameAs\":[\"https:\\\/\\\/www.facebook.com\\\/PtoMorelosAyto\",\"https:\\\/\\\/x.com\\\/PtoMorelosAyto\"]},{\"@type\":\"Person\",\"@id\":\"https:\\\/\\\/puertomorelos.gob.mx\\\/comunicacionsocial\\\/#\\\/schema\\\/person\\\/78dbbd01f21077d4240a0193131f4cfc\",\"name\":\"comunicacionsocial\"}]}<\/script>\n<!-- \/ Yoast SEO plugin. -->","yoast_head_json":{"title":"CONTIN\u00daAN ACCIONES COORDINADAS PARA MITIGAR EFECTOS DEL HUMO POR INCENDIO FORESTAL - Comunicaci\u00f3n Social de Puerto Morelos 2024 - 2027","robots":{"index":"index","follow":"follow","max-snippet":"max-snippet:-1","max-image-preview":"max-image-preview:large","max-video-preview":"max-video-preview:-1"},"canonical":"https:\/\/puertomorelos.gob.mx\/comunicacionsocial\/continuan-acciones-coordinadas-para-mitigar-efectos-del-humo-por-incendio-forestal\/","og_locale":"es_MX","og_type":"article","og_title":"CONTIN\u00daAN ACCIONES COORDINADAS PARA MITIGAR EFECTOS DEL HUMO POR INCENDIO FORESTAL - Comunicaci\u00f3n Social de Puerto Morelos 2024 - 2027","og_description":"Puerto Morelos, Quintana Roo, 3 de septiembre de 2026.\u2014 Por instrucci\u00f3n de la presidenta municipal Blanca Merari Tziu Mu\u00f1oz, el Gobierno de Puerto Morelos mantiene acciones permanentes de vigilancia y coordinaci\u00f3n interinstitucional para mitigar los efectos del humo que afecta al municipio, derivado de un incendio forestal registrado en Benito Ju\u00e1rez. La coordinadora municipal de [&hellip;]","og_url":"https:\/\/puertomorelos.gob.mx\/comunicacionsocial\/continuan-acciones-coordinadas-para-mitigar-efectos-del-humo-por-incendio-forestal\/","og_site_name":"Comunicaci\u00f3n Social de Puerto Morelos 2024 - 2027","article_publisher":"https:\/\/www.facebook.com\/PtoMorelosAyto","article_published_time":"2026-09-03T20:39:34+00:00","og_image":[{"width":1600,"height":1066,"url":"https:\/\/puertomorelos.gob.mx\/comunicacionsocial\/wp-content\/uploads\/2026\/09\/CONTINUAN-ACCIONES-COORDINADAS-PARA-MITIGAR-EFECTOS-DEL-HUMO-POR-INCENDIO-FORESTAL-9.jpeg","type":"image\/jpeg"}],"author":"comunicacionsocial","twitter_card":"summary_large_image","twitter_creator":"@PtoMorelosAyto","twitter_site":"@PtoMorelosAyto","twitter_misc":{"Escrito por":"comunicacionsocial","Tiempo de lectura":"3 minutos"},"schema":{"@context":"https:\/\/schema.org","@graph":[{"@type":"Article","@id":"https:\/\/puertomorelos.gob.mx\/comunicacionsocial\/continuan-acciones-coordinadas-para-mitigar-efectos-del-humo-por-incendio-forestal\/#article","isPartOf":{"@id":"https:\/\/puertomorelos.gob.mx\/comunicacionsocial\/continuan-acciones-coordinadas-para-mitigar-efectos-del-humo-por-incendio-forestal\/"},"author":{"name":"comunicacionsocial","@id":"https:\/\/puertomorelos.gob.mx\/comunicacionsocial\/#\/schema\/person\/78dbbd01f21077d4240a0193131f4cfc"},"headline":"CONTIN\u00daAN ACCIONES COORDINADAS PARA MITIGAR EFECTOS DEL HUMO POR INCENDIO FORESTAL","datePublished":"2026-09-03T20:39:34+00:00","mainEntityOfPage":{"@id":"https:\/\/puertomorelos.gob.mx\/comunicacionsocial\/continuan-acciones-coordinadas-para-mitigar-efectos-del-humo-por-incendio-forestal\/"},"wordCount":537,"publisher":{"@id":"https:\/\/puertomorelos.gob.mx\/comunicacionsocial\/#organization"},"image":{"@id":"https:\/\/puertomorelos.gob.mx\/comunicacionsocial\/continuan-acciones-coordinadas-para-mitigar-efectos-del-humo-por-incendio-forestal\/#primaryimage"},"thumbnailUrl":"https:\/\/puertomorelos.gob.mx\/comunicacionsocial\/wp-content\/uploads\/2026\/09\/CONTINUAN-ACCIONES-COORDINADAS-PARA-MITIGAR-EFECTOS-DEL-HUMO-POR-INCENDIO-FORESTAL-9.jpeg","articleSection":["BOLETINES"],"inLanguage":"es"},{"@type":"WebPage","@id":"https:\/\/puertomorelos.gob.mx\/comunicacionsocial\/continuan-acciones-coordinadas-para-mitigar-efectos-del-humo-por-incendio-forestal\/","url":"https:\/\/puertomorelos.gob.mx\/comunicacionsocial\/continuan-acciones-coordinadas-para-mitigar-efectos-del-humo-por-incendio-forestal\/","name":"CONTIN\u00daAN ACCIONES COORDINADAS PARA MITIGAR EFECTOS DEL HUMO POR INCENDIO FORESTAL - Comunicaci\u00f3n Social de Puerto Morelos 2024 - 2027","isPartOf":{"@id":"https:\/\/puertomorelos.gob.mx\/comunicacionsocial\/#website"},"primaryImageOfPage":{"@id":"https:\/\/puertomorelos.gob.mx\/comunicacionsocial\/continuan-acciones-coordinadas-para-mitigar-efectos-del-humo-por-incendio-forestal\/#primaryimage"},"image":{"@id":"https:\/\/puertomorelos.gob.mx\/comunicacionsocial\/continuan-acciones-coordinadas-para-mitigar-efectos-del-humo-por-incendio-forestal\/#primaryimage"},"thumbnailUrl":"https:\/\/puertomorelos.gob.mx\/comunicacionsocial\/wp-content\/uploads\/2026\/09\/CONTINUAN-ACCIONES-COORDINADAS-PARA-MITIGAR-EFECTOS-DEL-HUMO-POR-INCENDIO-FORESTAL-9.jpeg","datePublished":"2026-09-03T20:39:34+00:00","breadcrumb":{"@id":"https:\/\/puertomorelos.gob.mx\/comunicacionsocial\/continuan-acciones-coordinadas-para-mitigar-efectos-del-humo-por-incendio-forestal\/#breadcrumb"},"inLanguage":"es","potentialAction":[{"@type":"ReadAction","target":["https:\/\/puertomorelos.gob.mx\/comunicacionsocial\/continuan-acciones-coordinadas-para-mitigar-efectos-del-humo-por-incendio-forestal\/"]}]},{"@type":"ImageObject","inLanguage":"es","@id":"https:\/\/puertomorelos.gob.mx\/comunicacionsocial\/continuan-acciones-coordinadas-para-mitigar-efectos-del-humo-por-incendio-forestal\/#primaryimage","url":"https:\/\/puertomorelos.gob.mx\/comunicacionsocial\/wp-content\/uploads\/2026\/09\/CONTINUAN-ACCIONES-COORDINADAS-PARA-MITIGAR-EFECTOS-DEL-HUMO-POR-INCENDIO-FORESTAL-9.jpeg","contentUrl":"https:\/\/puertomorelos.gob.mx\/comunicacionsocial\/wp-content\/uploads\/2026\/09\/CONTINUAN-ACCIONES-COORDINADAS-PARA-MITIGAR-EFECTOS-DEL-HUMO-POR-INCENDIO-FORESTAL-9.jpeg","width":1600,"height":1066},{"@type":"BreadcrumbList","@id":"https:\/\/puertomorelos.gob.mx\/comunicacionsocial\/continuan-acciones-coordinadas-para-mitigar-efectos-del-humo-por-incendio-forestal\/#breadcrumb","itemListElement":[{"@type":"ListItem","position":1,"name":"Inicio","item":"https:\/\/puertomorelos.gob.mx\/comunicacionsocial\/"},{"@type":"ListItem","position":2,"name":"CONTIN\u00daAN ACCIONES COORDINADAS PARA MITIGAR EFECTOS DEL HUMO POR INCENDIO FORESTAL"}]},{"@type":"WebSite","@id":"https:\/\/puertomorelos.gob.mx\/comunicacionsocial\/#website","url":"https:\/\/puertomorelos.gob.mx\/comunicacionsocial\/","name":"DIRECCI\u00d3N DE COMUNICACI\u00d3N SOCIAL PUERTO MORELOS","description":"","publisher":{"@id":"https:\/\/puertomorelos.gob.mx\/comunicacionsocial\/#organization"},"alternateName":"DIRECCI\u00d3N DE COMUNICACI\u00d3N SOCIAL PUERTO MORELOS","potentialAction":[{"@type":"SearchAction","target":{"@type":"EntryPoint","urlTemplate":"https:\/\/puertomorelos.gob.mx\/comunicacionsocial\/?s={search_term_string}"},"query-input":{"@type":"PropertyValueSpecification","valueRequired":true,"valueName":"search_term_string"}}],"inLanguage":"es"},{"@type":"Organization","@id":"https:\/\/puertomorelos.gob.mx\/comunicacionsocial\/#organization","name":"DIRECCI\u00d3N DE COMUNICACI\u00d3N SOCIAL PUERTO MORELOS","url":"https:\/\/puertomorelos.gob.mx\/comunicacionsocial\/","logo":{"@type":"ImageObject","inLanguage":"es","@id":"https:\/\/puertomorelos.gob.mx\/comunicacionsocial\/#\/schema\/logo\/image\/","url":"https:\/\/puertomorelos.gob.mx\/comunicacionsocial\/wp-content\/uploads\/2023\/02\/dcs.jpg","contentUrl":"https:\/\/puertomorelos.gob.mx\/comunicacionsocial\/wp-content\/uploads\/2023\/02\/dcs.jpg","width":1500,"height":1127,"caption":"DIRECCI\u00d3N DE COMUNICACI\u00d3N SOCIAL PUERTO MORELOS"},"image":{"@id":"https:\/\/puertomorelos.gob.mx\/comunicacionsocial\/#\/schema\/logo\/image\/"},"sameAs":["https:\/\/www.facebook.com\/PtoMorelosAyto","https:\/\/x.com\/PtoMorelosAyto"]},{"@type":"Person","@id":"https:\/\/puertomorelos.gob.mx\/comunicacionsocial\/#\/schema\/person\/78dbbd01f21077d4240a0193131f4cfc","name":"comunicacionsocial"}]}},"amp_enabled":true,"_links":{"self":[{"href":"https:\/\/puertomorelos.gob.mx\/comunicacionsocial\/wp-json\/wp\/v2\/posts\/36811","targetHints":{"allow":["GET"]}}],"collection":[{"href":"https:\/\/puertomorelos.gob.mx\/comunicacionsocial\/wp-json\/wp\/v2\/posts"}],"about":[{"href":"https:\/\/puertomorelos.gob.mx\/comunicacionsocial\/wp-json\/wp\/v2\/types\/post"}],"author":[{"embeddable":true,"href":"https:\/\/puertomorelos.gob.mx\/comunicacionsocial\/wp-json\/wp\/v2\/users\/1"}],"replies":[{"embeddable":true,"href":"https:\/\/puertomorelos.gob.mx\/comunicacionsocial\/wp-json\/wp\/v2\/comments?post=36811"}],"version-history":[{"count":1,"href":"https:\/\/puertomorelos.gob.mx\/comunicacionsocial\/wp-json\/wp\/v2\/posts\/36811\/revisions"}],"predecessor-version":[{"id":36824,"href":"https:\/\/puertomorelos.gob.mx\/comunicacionsocial\/wp-json\/wp\/v2\/posts\/36811\/revisions\/36824"}],"wp:featuredmedia":[{"embeddable":true,"href":"https:\/\/puertomorelos.gob.mx\/comunicacionsocial\/wp-json\/wp\/v2\/media\/36820"}],"wp:attachment":[{"href":"https:\/\/puertomorelos.gob.mx\/comunicacionsocial\/wp-json\/wp\/v2\/media?parent=36811"}],"wp:term":[{"taxonomy":"category","embeddable":true,"href":"https:\/\/puertomorelos.gob.mx\/comunicacionsocial\/wp-json\/wp\/v2\/categories?post=36811"},{"taxonomy":"post_tag","embeddable":true,"href":"https:\/\/puertomorelos.gob.mx\/comunicacionsocial\/wp-json\/wp\/v2\/tags?post=36811"}],"curies":[{"name":"wp","href":"https:\/\/api.w.org\/{rel}","templated":true}]}}