{"id":36796,"date":"2026-09-03T10:15:09","date_gmt":"2026-09-03T16:15:09","guid":{"rendered":"https:\/\/puertomorelos.gob.mx\/comunicacionsocial\/?p=36796"},"modified":"2026-09-03T12:17:56","modified_gmt":"2026-09-03T18:17:56","slug":"reforzaran-acciones-ante-presencia-de-humo-y-se-sumaran-esfuerzos-al-combate-del-incendio-en-benito-juarez","status":"publish","type":"post","link":"https:\/\/puertomorelos.gob.mx\/comunicacionsocial\/reforzaran-acciones-ante-presencia-de-humo-y-se-sumaran-esfuerzos-al-combate-del-incendio-en-benito-juarez\/","title":{"rendered":"REFORZAR\u00c1N ACCIONES ANTE PRESENCIA DE HUMO Y SE SUMAR\u00c1N ESFUERZOS AL COMBATE DEL INCENDIO EN BENITO JU\u00c1REZ"},"content":{"rendered":"<p><strong>3 de septiembre de 2026<\/strong><\/p>\n<p style=\"text-align: justify;\"><strong>* Este jueves se sumar\u00e1n alrededor de 100 elementos de Protecci\u00f3n Civil y Bomberos de Canc\u00fan, de Puerto Morelos, de la Coordinaci\u00f3n Estatal de Protecci\u00f3n Civil y CONAFOR a las labores para combatir el incendio<\/strong><\/p>\n<p style=\"text-align: justify;\"><strong>* Se contar\u00e1 con pipas de agua, herramientas y un puesto de mando m\u00f3vil en la zona del incendio<\/strong><\/p>\n<p style=\"text-align: justify;\"><strong>Puerto Morelos, Quintana Roo, a 3 de septiembre de 2026.\u2014 Ante la presencia de humo en distintos puntos de Puerto Morelos, autoridades municipales atendieron a ciudadanos que expresaron su preocupaci\u00f3n y molestia por esta situaci\u00f3n, y explicaron las acciones de vigilancia y coordinaci\u00f3n que se mantienen desde el pasado 23 de agosto.<\/strong><\/p>\n<p style=\"text-align: justify;\">Posteriormente se realiz\u00f3 una nueva mesa de trabajo entre autoridades federales, estatales y municipales, en la que se acord\u00f3 sumar esfuerzos a las labores para combatir el incendio forestal que se registra en territorio de Benito Ju\u00e1rez. Est\u00e1 previsto que alrededor de 100 elementos de Protecci\u00f3n Civil y Bomberos de Canc\u00fan, CONAFOR, as\u00ed como de Bomberos y Protecci\u00f3n Civil Estatal y de Puerto Morelos, as\u00ed como elementos de la SEDENA ingresen a la zona para apoyar en las tareas de combate y liquidaci\u00f3n.<\/p>\n<blockquote>\n<p style=\"text-align: justify;\">El apoyo contempla la participaci\u00f3n de pipas de agua y herramientas, as\u00ed como la instalaci\u00f3n de un puesto de mando m\u00f3vil en el lugar del incendio, desde donde se coordinar\u00e1n las acciones de las distintas corporaciones.<\/p>\n<\/blockquote>\n<p style=\"text-align: justify;\">En cuanto al incendio ubicado al sur de la colonia Chiapaneca, en Benito Ju\u00e1rez, actualmente ocupa una superficie aproximada de 80 kil\u00f3metros cuadrados y presenta un 55 por ciento de liquidaci\u00f3n. Debido a las condiciones del viento, el humo generado por este incendio se desplaza hacia distintos puntos de Puerto Morelos.<\/p>\n<p style=\"text-align: justify;\">Cabe se\u00f1alar que ante los manifestantes el secretario Jos\u00e9 de Jes\u00fas Espinosa Pay\u00e1n, el secretario de Seguridad Ciudadana, Tte. Alejandro Nava Garc\u00eda y la coordinadora municipal de Protecci\u00f3n Civil, Irma \u00c1vila M\u00e9ndez reiteraron que no se tienen incendios forestales activos dentro del municipio. Desde el 23 de agosto se mantienen recorridos de vigilancia y sobrevuelos con dron y en helic\u00f3ptero con autoridades estatales y federales para identificar oportunamente cualquier situaci\u00f3n dentro del territorio portomorelense.<\/p>\n<p style=\"text-align: justify;\">Con respecto a la demarcaci\u00f3n municipal se han atendido incendios de vegetaci\u00f3n de menor extensi\u00f3n. Uno de ellos, ubicado cerca de la subestaci\u00f3n de gas natural, afect\u00f3 aproximadamente 300 metros cuadrados y fue controlado, mientras que este mi\u00e9rcoles se atendi\u00f3 otro en la misma zona, bajo l\u00edneas de la CFE, con una afectaci\u00f3n aproximada de 150 metros cuadrados.<\/p>\n<p style=\"text-align: justify;\">Las autoridades municipales mantienen comunicaci\u00f3n permanente con CONAFOR y la Coordinaci\u00f3n Estatal de Protecci\u00f3n Civil, con el objetivo de contar con informaci\u00f3n actualizada sobre el comportamiento del incendio y las condiciones del humo que llega al municipio.<\/p>\n<p style=\"text-align: justify;\"><strong>El Gobierno de Puerto Morelos mantiene la vigilancia en el municipio y continuar\u00e1 informando a la poblaci\u00f3n sobre la evoluci\u00f3n de esta situaci\u00f3n, al tiempo que se suma a los trabajos coordinados para contribuir al combate del incendio en Benito Ju\u00e1rez y reducir la afectaci\u00f3n por humo en Puerto Morelos.<\/strong><\/p>\n","protected":false},"excerpt":{"rendered":"<p>3 de septiembre de 2026 * Este jueves se sumar\u00e1n alrededor de 100 elementos de Protecci\u00f3n Civil y Bomberos de Canc\u00fan, de Puerto Morelos, de la Coordinaci\u00f3n Estatal de Protecci\u00f3n Civil y CONAFOR a las labores para combatir el incendio * Se contar\u00e1 con pipas de agua, herramientas y un puesto de mando m\u00f3vil en [&hellip;]<\/p>\n","protected":false},"author":1,"featured_media":36807,"comment_status":"closed","ping_status":"closed","sticky":false,"template":"","format":"gallery","meta":{"footnotes":""},"categories":[1],"tags":[],"class_list":["post-36796","post","type-post","status-publish","format-gallery","has-post-thumbnail","hentry","category-boletines","post_format-post-format-gallery"],"yoast_head":"<!-- This site is optimized with the Yoast SEO plugin v28.4 - https:\/\/yoast.com\/product\/yoast-seo-wordpress\/ -->\n<title>REFORZAR\u00c1N ACCIONES ANTE PRESENCIA DE HUMO Y SE SUMAR\u00c1N ESFUERZOS AL COMBATE DEL INCENDIO EN BENITO JU\u00c1REZ - Comunicaci\u00f3n Social de Puerto Morelos 2024 - 2027<\/title>\n<meta name=\"robots\" content=\"index, follow, max-snippet:-1, max-image-preview:large, max-video-preview:-1\" \/>\n<link rel=\"canonical\" href=\"https:\/\/puertomorelos.gob.mx\/comunicacionsocial\/reforzaran-acciones-ante-presencia-de-humo-y-se-sumaran-esfuerzos-al-combate-del-incendio-en-benito-juarez\/\" \/>\n<meta property=\"og:locale\" content=\"es_MX\" \/>\n<meta property=\"og:type\" content=\"article\" \/>\n<meta property=\"og:title\" content=\"REFORZAR\u00c1N ACCIONES ANTE PRESENCIA DE HUMO Y SE SUMAR\u00c1N ESFUERZOS AL COMBATE DEL INCENDIO EN BENITO JU\u00c1REZ - Comunicaci\u00f3n Social de Puerto Morelos 2024 - 2027\" \/>\n<meta property=\"og:description\" content=\"3 de septiembre de 2026 * Este jueves se sumar\u00e1n alrededor de 100 elementos de Protecci\u00f3n Civil y Bomberos de Canc\u00fan, de Puerto Morelos, de la Coordinaci\u00f3n Estatal de Protecci\u00f3n Civil y CONAFOR a las labores para combatir el incendio * Se contar\u00e1 con pipas de agua, herramientas y un puesto de mando m\u00f3vil en [&hellip;]\" \/>\n<meta property=\"og:url\" content=\"https:\/\/puertomorelos.gob.mx\/comunicacionsocial\/reforzaran-acciones-ante-presencia-de-humo-y-se-sumaran-esfuerzos-al-combate-del-incendio-en-benito-juarez\/\" \/>\n<meta property=\"og:site_name\" content=\"Comunicaci\u00f3n Social de Puerto Morelos 2024 - 2027\" \/>\n<meta property=\"article:publisher\" content=\"https:\/\/www.facebook.com\/PtoMorelosAyto\" \/>\n<meta property=\"article:published_time\" content=\"2026-09-03T16:15:09+00:00\" \/>\n<meta property=\"article:modified_time\" content=\"2026-09-03T18:17:56+00:00\" \/>\n<meta property=\"og:image\" content=\"https:\/\/puertomorelos.gob.mx\/comunicacionsocial\/wp-content\/uploads\/2026\/09\/REFORZARAN-ACCIONES-ANTE-PRESENCIA-DE-HUMO-Y-SE-SUMARAN-ESFUERZOS-AL-COMBATE-DEL-INCENDIO-EN-BENITO-J-1.jpeg\" \/>\n\t<meta property=\"og:image:width\" content=\"1280\" \/>\n\t<meta property=\"og:image:height\" content=\"959\" \/>\n\t<meta property=\"og:image:type\" content=\"image\/jpeg\" \/>\n<meta name=\"author\" content=\"comunicacionsocial\" \/>\n<meta name=\"twitter:card\" content=\"summary_large_image\" \/>\n<meta name=\"twitter:creator\" content=\"@PtoMorelosAyto\" \/>\n<meta name=\"twitter:site\" content=\"@PtoMorelosAyto\" \/>\n<meta name=\"twitter:label1\" content=\"Escrito por\" \/>\n\t<meta name=\"twitter:data1\" content=\"comunicacionsocial\" \/>\n\t<meta name=\"twitter:label2\" content=\"Tiempo de lectura\" \/>\n\t<meta name=\"twitter:data2\" content=\"3 minutos\" \/>\n<script type=\"application\/ld+json\" class=\"yoast-schema-graph\">{\"@context\":\"https:\\\/\\\/schema.org\",\"@graph\":[{\"@type\":\"Article\",\"@id\":\"https:\\\/\\\/puertomorelos.gob.mx\\\/comunicacionsocial\\\/reforzaran-acciones-ante-presencia-de-humo-y-se-sumaran-esfuerzos-al-combate-del-incendio-en-benito-juarez\\\/#article\",\"isPartOf\":{\"@id\":\"https:\\\/\\\/puertomorelos.gob.mx\\\/comunicacionsocial\\\/reforzaran-acciones-ante-presencia-de-humo-y-se-sumaran-esfuerzos-al-combate-del-incendio-en-benito-juarez\\\/\"},\"author\":{\"name\":\"comunicacionsocial\",\"@id\":\"https:\\\/\\\/puertomorelos.gob.mx\\\/comunicacionsocial\\\/#\\\/schema\\\/person\\\/78dbbd01f21077d4240a0193131f4cfc\"},\"headline\":\"REFORZAR\u00c1N ACCIONES ANTE PRESENCIA DE HUMO Y SE SUMAR\u00c1N ESFUERZOS AL COMBATE DEL INCENDIO EN BENITO JU\u00c1REZ\",\"datePublished\":\"2026-09-03T16:15:09+00:00\",\"dateModified\":\"2026-09-03T18:17:56+00:00\",\"mainEntityOfPage\":{\"@id\":\"https:\\\/\\\/puertomorelos.gob.mx\\\/comunicacionsocial\\\/reforzaran-acciones-ante-presencia-de-humo-y-se-sumaran-esfuerzos-al-combate-del-incendio-en-benito-juarez\\\/\"},\"wordCount\":551,\"publisher\":{\"@id\":\"https:\\\/\\\/puertomorelos.gob.mx\\\/comunicacionsocial\\\/#organization\"},\"image\":{\"@id\":\"https:\\\/\\\/puertomorelos.gob.mx\\\/comunicacionsocial\\\/reforzaran-acciones-ante-presencia-de-humo-y-se-sumaran-esfuerzos-al-combate-del-incendio-en-benito-juarez\\\/#primaryimage\"},\"thumbnailUrl\":\"https:\\\/\\\/puertomorelos.gob.mx\\\/comunicacionsocial\\\/wp-content\\\/uploads\\\/2026\\\/09\\\/REFORZARAN-ACCIONES-ANTE-PRESENCIA-DE-HUMO-Y-SE-SUMARAN-ESFUERZOS-AL-COMBATE-DEL-INCENDIO-EN-BENITO-J-1.jpeg\",\"articleSection\":[\"BOLETINES\"],\"inLanguage\":\"es\"},{\"@type\":\"WebPage\",\"@id\":\"https:\\\/\\\/puertomorelos.gob.mx\\\/comunicacionsocial\\\/reforzaran-acciones-ante-presencia-de-humo-y-se-sumaran-esfuerzos-al-combate-del-incendio-en-benito-juarez\\\/\",\"url\":\"https:\\\/\\\/puertomorelos.gob.mx\\\/comunicacionsocial\\\/reforzaran-acciones-ante-presencia-de-humo-y-se-sumaran-esfuerzos-al-combate-del-incendio-en-benito-juarez\\\/\",\"name\":\"REFORZAR\u00c1N ACCIONES ANTE PRESENCIA DE HUMO Y SE SUMAR\u00c1N ESFUERZOS AL COMBATE DEL INCENDIO EN BENITO JU\u00c1REZ - Comunicaci\u00f3n Social de Puerto Morelos 2024 - 2027\",\"isPartOf\":{\"@id\":\"https:\\\/\\\/puertomorelos.gob.mx\\\/comunicacionsocial\\\/#website\"},\"primaryImageOfPage\":{\"@id\":\"https:\\\/\\\/puertomorelos.gob.mx\\\/comunicacionsocial\\\/reforzaran-acciones-ante-presencia-de-humo-y-se-sumaran-esfuerzos-al-combate-del-incendio-en-benito-juarez\\\/#primaryimage\"},\"image\":{\"@id\":\"https:\\\/\\\/puertomorelos.gob.mx\\\/comunicacionsocial\\\/reforzaran-acciones-ante-presencia-de-humo-y-se-sumaran-esfuerzos-al-combate-del-incendio-en-benito-juarez\\\/#primaryimage\"},\"thumbnailUrl\":\"https:\\\/\\\/puertomorelos.gob.mx\\\/comunicacionsocial\\\/wp-content\\\/uploads\\\/2026\\\/09\\\/REFORZARAN-ACCIONES-ANTE-PRESENCIA-DE-HUMO-Y-SE-SUMARAN-ESFUERZOS-AL-COMBATE-DEL-INCENDIO-EN-BENITO-J-1.jpeg\",\"datePublished\":\"2026-09-03T16:15:09+00:00\",\"dateModified\":\"2026-09-03T18:17:56+00:00\",\"breadcrumb\":{\"@id\":\"https:\\\/\\\/puertomorelos.gob.mx\\\/comunicacionsocial\\\/reforzaran-acciones-ante-presencia-de-humo-y-se-sumaran-esfuerzos-al-combate-del-incendio-en-benito-juarez\\\/#breadcrumb\"},\"inLanguage\":\"es\",\"potentialAction\":[{\"@type\":\"ReadAction\",\"target\":[\"https:\\\/\\\/puertomorelos.gob.mx\\\/comunicacionsocial\\\/reforzaran-acciones-ante-presencia-de-humo-y-se-sumaran-esfuerzos-al-combate-del-incendio-en-benito-juarez\\\/\"]}]},{\"@type\":\"ImageObject\",\"inLanguage\":\"es\",\"@id\":\"https:\\\/\\\/puertomorelos.gob.mx\\\/comunicacionsocial\\\/reforzaran-acciones-ante-presencia-de-humo-y-se-sumaran-esfuerzos-al-combate-del-incendio-en-benito-juarez\\\/#primaryimage\",\"url\":\"https:\\\/\\\/puertomorelos.gob.mx\\\/comunicacionsocial\\\/wp-content\\\/uploads\\\/2026\\\/09\\\/REFORZARAN-ACCIONES-ANTE-PRESENCIA-DE-HUMO-Y-SE-SUMARAN-ESFUERZOS-AL-COMBATE-DEL-INCENDIO-EN-BENITO-J-1.jpeg\",\"contentUrl\":\"https:\\\/\\\/puertomorelos.gob.mx\\\/comunicacionsocial\\\/wp-content\\\/uploads\\\/2026\\\/09\\\/REFORZARAN-ACCIONES-ANTE-PRESENCIA-DE-HUMO-Y-SE-SUMARAN-ESFUERZOS-AL-COMBATE-DEL-INCENDIO-EN-BENITO-J-1.jpeg\",\"width\":1280,\"height\":959},{\"@type\":\"BreadcrumbList\",\"@id\":\"https:\\\/\\\/puertomorelos.gob.mx\\\/comunicacionsocial\\\/reforzaran-acciones-ante-presencia-de-humo-y-se-sumaran-esfuerzos-al-combate-del-incendio-en-benito-juarez\\\/#breadcrumb\",\"itemListElement\":[{\"@type\":\"ListItem\",\"position\":1,\"name\":\"Inicio\",\"item\":\"https:\\\/\\\/puertomorelos.gob.mx\\\/comunicacionsocial\\\/\"},{\"@type\":\"ListItem\",\"position\":2,\"name\":\"REFORZAR\u00c1N ACCIONES ANTE PRESENCIA DE HUMO Y SE SUMAR\u00c1N ESFUERZOS AL COMBATE DEL INCENDIO EN BENITO JU\u00c1REZ\"}]},{\"@type\":\"WebSite\",\"@id\":\"https:\\\/\\\/puertomorelos.gob.mx\\\/comunicacionsocial\\\/#website\",\"url\":\"https:\\\/\\\/puertomorelos.gob.mx\\\/comunicacionsocial\\\/\",\"name\":\"DIRECCI\u00d3N DE COMUNICACI\u00d3N SOCIAL PUERTO MORELOS\",\"description\":\"\",\"publisher\":{\"@id\":\"https:\\\/\\\/puertomorelos.gob.mx\\\/comunicacionsocial\\\/#organization\"},\"alternateName\":\"DIRECCI\u00d3N DE COMUNICACI\u00d3N SOCIAL PUERTO MORELOS\",\"potentialAction\":[{\"@type\":\"SearchAction\",\"target\":{\"@type\":\"EntryPoint\",\"urlTemplate\":\"https:\\\/\\\/puertomorelos.gob.mx\\\/comunicacionsocial\\\/?s={search_term_string}\"},\"query-input\":{\"@type\":\"PropertyValueSpecification\",\"valueRequired\":true,\"valueName\":\"search_term_string\"}}],\"inLanguage\":\"es\"},{\"@type\":\"Organization\",\"@id\":\"https:\\\/\\\/puertomorelos.gob.mx\\\/comunicacionsocial\\\/#organization\",\"name\":\"DIRECCI\u00d3N DE COMUNICACI\u00d3N SOCIAL PUERTO MORELOS\",\"url\":\"https:\\\/\\\/puertomorelos.gob.mx\\\/comunicacionsocial\\\/\",\"logo\":{\"@type\":\"ImageObject\",\"inLanguage\":\"es\",\"@id\":\"https:\\\/\\\/puertomorelos.gob.mx\\\/comunicacionsocial\\\/#\\\/schema\\\/logo\\\/image\\\/\",\"url\":\"https:\\\/\\\/puertomorelos.gob.mx\\\/comunicacionsocial\\\/wp-content\\\/uploads\\\/2023\\\/02\\\/dcs.jpg\",\"contentUrl\":\"https:\\\/\\\/puertomorelos.gob.mx\\\/comunicacionsocial\\\/wp-content\\\/uploads\\\/2023\\\/02\\\/dcs.jpg\",\"width\":1500,\"height\":1127,\"caption\":\"DIRECCI\u00d3N DE COMUNICACI\u00d3N SOCIAL PUERTO MORELOS\"},\"image\":{\"@id\":\"https:\\\/\\\/puertomorelos.gob.mx\\\/comunicacionsocial\\\/#\\\/schema\\\/logo\\\/image\\\/\"},\"sameAs\":[\"https:\\\/\\\/www.facebook.com\\\/PtoMorelosAyto\",\"https:\\\/\\\/x.com\\\/PtoMorelosAyto\"]},{\"@type\":\"Person\",\"@id\":\"https:\\\/\\\/puertomorelos.gob.mx\\\/comunicacionsocial\\\/#\\\/schema\\\/person\\\/78dbbd01f21077d4240a0193131f4cfc\",\"name\":\"comunicacionsocial\"}]}<\/script>\n<!-- \/ Yoast SEO plugin. -->","yoast_head_json":{"title":"REFORZAR\u00c1N ACCIONES ANTE PRESENCIA DE HUMO Y SE SUMAR\u00c1N ESFUERZOS AL COMBATE DEL INCENDIO EN BENITO JU\u00c1REZ - Comunicaci\u00f3n Social de Puerto Morelos 2024 - 2027","robots":{"index":"index","follow":"follow","max-snippet":"max-snippet:-1","max-image-preview":"max-image-preview:large","max-video-preview":"max-video-preview:-1"},"canonical":"https:\/\/puertomorelos.gob.mx\/comunicacionsocial\/reforzaran-acciones-ante-presencia-de-humo-y-se-sumaran-esfuerzos-al-combate-del-incendio-en-benito-juarez\/","og_locale":"es_MX","og_type":"article","og_title":"REFORZAR\u00c1N ACCIONES ANTE PRESENCIA DE HUMO Y SE SUMAR\u00c1N ESFUERZOS AL COMBATE DEL INCENDIO EN BENITO JU\u00c1REZ - Comunicaci\u00f3n Social de Puerto Morelos 2024 - 2027","og_description":"3 de septiembre de 2026 * Este jueves se sumar\u00e1n alrededor de 100 elementos de Protecci\u00f3n Civil y Bomberos de Canc\u00fan, de Puerto Morelos, de la Coordinaci\u00f3n Estatal de Protecci\u00f3n Civil y CONAFOR a las labores para combatir el incendio * Se contar\u00e1 con pipas de agua, herramientas y un puesto de mando m\u00f3vil en [&hellip;]","og_url":"https:\/\/puertomorelos.gob.mx\/comunicacionsocial\/reforzaran-acciones-ante-presencia-de-humo-y-se-sumaran-esfuerzos-al-combate-del-incendio-en-benito-juarez\/","og_site_name":"Comunicaci\u00f3n Social de Puerto Morelos 2024 - 2027","article_publisher":"https:\/\/www.facebook.com\/PtoMorelosAyto","article_published_time":"2026-09-03T16:15:09+00:00","article_modified_time":"2026-09-03T18:17:56+00:00","og_image":[{"width":1280,"height":959,"url":"https:\/\/puertomorelos.gob.mx\/comunicacionsocial\/wp-content\/uploads\/2026\/09\/REFORZARAN-ACCIONES-ANTE-PRESENCIA-DE-HUMO-Y-SE-SUMARAN-ESFUERZOS-AL-COMBATE-DEL-INCENDIO-EN-BENITO-J-1.jpeg","type":"image\/jpeg"}],"author":"comunicacionsocial","twitter_card":"summary_large_image","twitter_creator":"@PtoMorelosAyto","twitter_site":"@PtoMorelosAyto","twitter_misc":{"Escrito por":"comunicacionsocial","Tiempo de lectura":"3 minutos"},"schema":{"@context":"https:\/\/schema.org","@graph":[{"@type":"Article","@id":"https:\/\/puertomorelos.gob.mx\/comunicacionsocial\/reforzaran-acciones-ante-presencia-de-humo-y-se-sumaran-esfuerzos-al-combate-del-incendio-en-benito-juarez\/#article","isPartOf":{"@id":"https:\/\/puertomorelos.gob.mx\/comunicacionsocial\/reforzaran-acciones-ante-presencia-de-humo-y-se-sumaran-esfuerzos-al-combate-del-incendio-en-benito-juarez\/"},"author":{"name":"comunicacionsocial","@id":"https:\/\/puertomorelos.gob.mx\/comunicacionsocial\/#\/schema\/person\/78dbbd01f21077d4240a0193131f4cfc"},"headline":"REFORZAR\u00c1N ACCIONES ANTE PRESENCIA DE HUMO Y SE SUMAR\u00c1N ESFUERZOS AL COMBATE DEL INCENDIO EN BENITO JU\u00c1REZ","datePublished":"2026-09-03T16:15:09+00:00","dateModified":"2026-09-03T18:17:56+00:00","mainEntityOfPage":{"@id":"https:\/\/puertomorelos.gob.mx\/comunicacionsocial\/reforzaran-acciones-ante-presencia-de-humo-y-se-sumaran-esfuerzos-al-combate-del-incendio-en-benito-juarez\/"},"wordCount":551,"publisher":{"@id":"https:\/\/puertomorelos.gob.mx\/comunicacionsocial\/#organization"},"image":{"@id":"https:\/\/puertomorelos.gob.mx\/comunicacionsocial\/reforzaran-acciones-ante-presencia-de-humo-y-se-sumaran-esfuerzos-al-combate-del-incendio-en-benito-juarez\/#primaryimage"},"thumbnailUrl":"https:\/\/puertomorelos.gob.mx\/comunicacionsocial\/wp-content\/uploads\/2026\/09\/REFORZARAN-ACCIONES-ANTE-PRESENCIA-DE-HUMO-Y-SE-SUMARAN-ESFUERZOS-AL-COMBATE-DEL-INCENDIO-EN-BENITO-J-1.jpeg","articleSection":["BOLETINES"],"inLanguage":"es"},{"@type":"WebPage","@id":"https:\/\/puertomorelos.gob.mx\/comunicacionsocial\/reforzaran-acciones-ante-presencia-de-humo-y-se-sumaran-esfuerzos-al-combate-del-incendio-en-benito-juarez\/","url":"https:\/\/puertomorelos.gob.mx\/comunicacionsocial\/reforzaran-acciones-ante-presencia-de-humo-y-se-sumaran-esfuerzos-al-combate-del-incendio-en-benito-juarez\/","name":"REFORZAR\u00c1N ACCIONES ANTE PRESENCIA DE HUMO Y SE SUMAR\u00c1N ESFUERZOS AL COMBATE DEL INCENDIO EN BENITO JU\u00c1REZ - Comunicaci\u00f3n Social de Puerto Morelos 2024 - 2027","isPartOf":{"@id":"https:\/\/puertomorelos.gob.mx\/comunicacionsocial\/#website"},"primaryImageOfPage":{"@id":"https:\/\/puertomorelos.gob.mx\/comunicacionsocial\/reforzaran-acciones-ante-presencia-de-humo-y-se-sumaran-esfuerzos-al-combate-del-incendio-en-benito-juarez\/#primaryimage"},"image":{"@id":"https:\/\/puertomorelos.gob.mx\/comunicacionsocial\/reforzaran-acciones-ante-presencia-de-humo-y-se-sumaran-esfuerzos-al-combate-del-incendio-en-benito-juarez\/#primaryimage"},"thumbnailUrl":"https:\/\/puertomorelos.gob.mx\/comunicacionsocial\/wp-content\/uploads\/2026\/09\/REFORZARAN-ACCIONES-ANTE-PRESENCIA-DE-HUMO-Y-SE-SUMARAN-ESFUERZOS-AL-COMBATE-DEL-INCENDIO-EN-BENITO-J-1.jpeg","datePublished":"2026-09-03T16:15:09+00:00","dateModified":"2026-09-03T18:17:56+00:00","breadcrumb":{"@id":"https:\/\/puertomorelos.gob.mx\/comunicacionsocial\/reforzaran-acciones-ante-presencia-de-humo-y-se-sumaran-esfuerzos-al-combate-del-incendio-en-benito-juarez\/#breadcrumb"},"inLanguage":"es","potentialAction":[{"@type":"ReadAction","target":["https:\/\/puertomorelos.gob.mx\/comunicacionsocial\/reforzaran-acciones-ante-presencia-de-humo-y-se-sumaran-esfuerzos-al-combate-del-incendio-en-benito-juarez\/"]}]},{"@type":"ImageObject","inLanguage":"es","@id":"https:\/\/puertomorelos.gob.mx\/comunicacionsocial\/reforzaran-acciones-ante-presencia-de-humo-y-se-sumaran-esfuerzos-al-combate-del-incendio-en-benito-juarez\/#primaryimage","url":"https:\/\/puertomorelos.gob.mx\/comunicacionsocial\/wp-content\/uploads\/2026\/09\/REFORZARAN-ACCIONES-ANTE-PRESENCIA-DE-HUMO-Y-SE-SUMARAN-ESFUERZOS-AL-COMBATE-DEL-INCENDIO-EN-BENITO-J-1.jpeg","contentUrl":"https:\/\/puertomorelos.gob.mx\/comunicacionsocial\/wp-content\/uploads\/2026\/09\/REFORZARAN-ACCIONES-ANTE-PRESENCIA-DE-HUMO-Y-SE-SUMARAN-ESFUERZOS-AL-COMBATE-DEL-INCENDIO-EN-BENITO-J-1.jpeg","width":1280,"height":959},{"@type":"BreadcrumbList","@id":"https:\/\/puertomorelos.gob.mx\/comunicacionsocial\/reforzaran-acciones-ante-presencia-de-humo-y-se-sumaran-esfuerzos-al-combate-del-incendio-en-benito-juarez\/#breadcrumb","itemListElement":[{"@type":"ListItem","position":1,"name":"Inicio","item":"https:\/\/puertomorelos.gob.mx\/comunicacionsocial\/"},{"@type":"ListItem","position":2,"name":"REFORZAR\u00c1N ACCIONES ANTE PRESENCIA DE HUMO Y SE SUMAR\u00c1N ESFUERZOS AL COMBATE DEL INCENDIO EN BENITO JU\u00c1REZ"}]},{"@type":"WebSite","@id":"https:\/\/puertomorelos.gob.mx\/comunicacionsocial\/#website","url":"https:\/\/puertomorelos.gob.mx\/comunicacionsocial\/","name":"DIRECCI\u00d3N DE COMUNICACI\u00d3N SOCIAL PUERTO MORELOS","description":"","publisher":{"@id":"https:\/\/puertomorelos.gob.mx\/comunicacionsocial\/#organization"},"alternateName":"DIRECCI\u00d3N DE COMUNICACI\u00d3N SOCIAL PUERTO MORELOS","potentialAction":[{"@type":"SearchAction","target":{"@type":"EntryPoint","urlTemplate":"https:\/\/puertomorelos.gob.mx\/comunicacionsocial\/?s={search_term_string}"},"query-input":{"@type":"PropertyValueSpecification","valueRequired":true,"valueName":"search_term_string"}}],"inLanguage":"es"},{"@type":"Organization","@id":"https:\/\/puertomorelos.gob.mx\/comunicacionsocial\/#organization","name":"DIRECCI\u00d3N DE COMUNICACI\u00d3N SOCIAL PUERTO MORELOS","url":"https:\/\/puertomorelos.gob.mx\/comunicacionsocial\/","logo":{"@type":"ImageObject","inLanguage":"es","@id":"https:\/\/puertomorelos.gob.mx\/comunicacionsocial\/#\/schema\/logo\/image\/","url":"https:\/\/puertomorelos.gob.mx\/comunicacionsocial\/wp-content\/uploads\/2023\/02\/dcs.jpg","contentUrl":"https:\/\/puertomorelos.gob.mx\/comunicacionsocial\/wp-content\/uploads\/2023\/02\/dcs.jpg","width":1500,"height":1127,"caption":"DIRECCI\u00d3N DE COMUNICACI\u00d3N SOCIAL PUERTO MORELOS"},"image":{"@id":"https:\/\/puertomorelos.gob.mx\/comunicacionsocial\/#\/schema\/logo\/image\/"},"sameAs":["https:\/\/www.facebook.com\/PtoMorelosAyto","https:\/\/x.com\/PtoMorelosAyto"]},{"@type":"Person","@id":"https:\/\/puertomorelos.gob.mx\/comunicacionsocial\/#\/schema\/person\/78dbbd01f21077d4240a0193131f4cfc","name":"comunicacionsocial"}]}},"amp_enabled":true,"_links":{"self":[{"href":"https:\/\/puertomorelos.gob.mx\/comunicacionsocial\/wp-json\/wp\/v2\/posts\/36796","targetHints":{"allow":["GET"]}}],"collection":[{"href":"https:\/\/puertomorelos.gob.mx\/comunicacionsocial\/wp-json\/wp\/v2\/posts"}],"about":[{"href":"https:\/\/puertomorelos.gob.mx\/comunicacionsocial\/wp-json\/wp\/v2\/types\/post"}],"author":[{"embeddable":true,"href":"https:\/\/puertomorelos.gob.mx\/comunicacionsocial\/wp-json\/wp\/v2\/users\/1"}],"replies":[{"embeddable":true,"href":"https:\/\/puertomorelos.gob.mx\/comunicacionsocial\/wp-json\/wp\/v2\/comments?post=36796"}],"version-history":[{"count":2,"href":"https:\/\/puertomorelos.gob.mx\/comunicacionsocial\/wp-json\/wp\/v2\/posts\/36796\/revisions"}],"predecessor-version":[{"id":36810,"href":"https:\/\/puertomorelos.gob.mx\/comunicacionsocial\/wp-json\/wp\/v2\/posts\/36796\/revisions\/36810"}],"wp:featuredmedia":[{"embeddable":true,"href":"https:\/\/puertomorelos.gob.mx\/comunicacionsocial\/wp-json\/wp\/v2\/media\/36807"}],"wp:attachment":[{"href":"https:\/\/puertomorelos.gob.mx\/comunicacionsocial\/wp-json\/wp\/v2\/media?parent=36796"}],"wp:term":[{"taxonomy":"category","embeddable":true,"href":"https:\/\/puertomorelos.gob.mx\/comunicacionsocial\/wp-json\/wp\/v2\/categories?post=36796"},{"taxonomy":"post_tag","embeddable":true,"href":"https:\/\/puertomorelos.gob.mx\/comunicacionsocial\/wp-json\/wp\/v2\/tags?post=36796"}],"curies":[{"name":"wp","href":"https:\/\/api.w.org\/{rel}","templated":true}]}}