{"id":36757,"date":"2026-08-31T17:29:25","date_gmt":"2026-08-31T23:29:25","guid":{"rendered":"https:\/\/puertomorelos.gob.mx\/comunicacionsocial\/?p=36757"},"modified":"2026-08-31T17:29:25","modified_gmt":"2026-08-31T23:29:25","slug":"entregan-la-medalla-al-merito-juvenil-2026-de-puerto-morelos","status":"publish","type":"post","link":"https:\/\/puertomorelos.gob.mx\/comunicacionsocial\/entregan-la-medalla-al-merito-juvenil-2026-de-puerto-morelos\/","title":{"rendered":"ENTREGAN LA MEDALLA AL M\u00c9RITO JUVENIL 2026 DE PUERTO MORELOS"},"content":{"rendered":"<p style=\"text-align: justify;\"><strong>Puerto Morelos, Quintana Roo, a 31 de agosto de 2026.\u2014 En el marco de la V Sesi\u00f3n Solemne de Cabildo, el Ayuntamiento de Puerto Morelos entreg\u00f3 la Medalla al M\u00e9rito Juvenil 2026 a cinco j\u00f3venes que han destacado por su trayectoria, talento, disciplina y compromiso con la comunidad, adem\u00e1s de otorgar cinco menciones honor\u00edficas a j\u00f3venes que tambi\u00e9n han realizado aportaciones relevantes en distintos \u00e1mbitos.<\/strong><\/p>\n<p style=\"text-align: justify;\">La presidenta municipal, Blanca Merari Tziu Mu\u00f1oz, destac\u00f3 que este reconocimiento representa mucho m\u00e1s que una distinci\u00f3n, pues visibiliza el esfuerzo de j\u00f3venes que d\u00eda a d\u00eda construyen su trayectoria desde las aulas, los espacios deportivos, los escenarios culturales, las actividades sociales y las acciones de protecci\u00f3n al medio ambiente.<\/p>\n<blockquote>\n<p style=\"text-align: justify;\">\u201cLa Medalla al M\u00e9rito Juvenil 2026 no es solo una distinci\u00f3n, es un reconocimiento al trabajo que muchas veces comienza lejos de los reflectores: en las aulas, en los espacios deportivos, en los escenarios, en las actividades sociales, en la protecci\u00f3n de nuestro medio ambiente y, sobre todo, en la decisi\u00f3n de cada joven de ser mejor cada d\u00eda\u201d, expres\u00f3.<\/p>\n<\/blockquote>\n<p style=\"text-align: justify;\">La Alcaldesa felicit\u00f3 a quienes recibieron esta distinci\u00f3n y los exhort\u00f3 a continuar trabajando con disciplina y determinaci\u00f3n, al tiempo que hizo un llamado a todas las juventudes de Puerto Morelos a estudiar, prepararse, participar, proponer, equivocarse y volver a intentarlo, aprovechando las oportunidades que tienen para construir su futuro.<\/p>\n<blockquote>\n<p style=\"text-align: justify;\">\u201cPuerto Morelos necesita de ustedes, necesita de sus ideas, de su energ\u00eda, de su creatividad y de esa capacidad que tienen las nuevas generaciones para imaginar un municipio todav\u00eda mejor. Porque los j\u00f3venes no son solamente el futuro, son el presente de Puerto Morelos\u201d, enfatiz\u00f3.<\/p>\n<\/blockquote>\n<p style=\"text-align: justify;\">Los ganadores de la Medalla al M\u00e9rito Juvenil 2026 fueron: Wendy Guadalupe Valenzuela S\u00e1nchez, en la categor\u00eda de Logro Acad\u00e9mico; Diego Anduze, en Compromiso Social; Alison Jim\u00e9nez Cadena, en Expresi\u00f3n Cultural y Art\u00edstica; Axel Fernando Aquino M\u00e9ndez, en Fomento al Deporte; y F\u00e1tima Karime Mart\u00ednez Soto, en Protecci\u00f3n al Medio Ambiente.<\/p>\n<p style=\"text-align: justify;\">Las menciones honor\u00edficas fueron para Ver\u00f3nica A. Weil, Margarita Luna Reyes, Elizabeth A. Guill\u00e9n y Jos\u00e9 Santiago Mar\u00eda Andr\u00e9e, en la categor\u00eda de Fomento al Deporte; as\u00ed como Kendall Roxana P\u00e9rez Ram\u00edrez, en Expresi\u00f3n Cultural y Art\u00edstica.<\/p>\n<p style=\"text-align: justify;\">Blanca Merari resalt\u00f3 de manera especial la participaci\u00f3n y trayectoria de las j\u00f3venes reconocidas, al se\u00f1alar que son ejemplo de la capacidad, talento y determinaci\u00f3n de las nuevas generaciones de mujeres.<\/p>\n<blockquote>\n<p style=\"text-align: justify;\">\u201cEn Puerto Morelos, Quintana Roo y M\u00e9xico es tiempo de las mujeres, y nos llena de orgullo ver a nuevas generaciones de mujeres prepar\u00e1ndose, destacando, participando y ocupando, con todo derecho, los espacios que les corresponden\u201d, subray\u00f3.<\/p>\n<\/blockquote>\n<p style=\"text-align: justify;\">La Presidenta Municipal reconoci\u00f3 tambi\u00e9n el trabajo realizado por el Instituto Municipal de la Juventud de Puerto Morelos, encabezado por Ernesto Le\u00f3n Villanueva, con el respaldo de la regidora Alejandra Basilia Mena Parra, as\u00ed como el acompa\u00f1amiento y coordinaci\u00f3n de la directora del Instituto Quintanarroense de la Juventud, Alma Delfina Alvarado Moo.<\/p>\n<p style=\"text-align: justify;\">Asimismo, agradeci\u00f3 el respaldo de la gobernadora Mara Lezama Espinosa para fortalecer las pol\u00edticas p\u00fablicas y acciones dirigidas a las juventudes de todo Quintana Roo.<\/p>\n<blockquote>\n<p style=\"text-align: justify;\">La Alcaldesa destac\u00f3 que durante agosto el Gobierno de Puerto Morelos impuls\u00f3 diversas actividades dirigidas a las juventudes, con el objetivo de generar espacios de participaci\u00f3n, convivencia, desarrollo y expresi\u00f3n, y se\u00f1al\u00f3 que esta entrega representa el cierre de un mes dedicado a reconocer el talento y las capacidades de las nuevas generaciones.<\/p>\n<\/blockquote>\n<p style=\"text-align: justify;\">De igual manera, expres\u00f3 su reconocimiento a las madres y padres de familia, maestros, hermanos y abuelos que acompa\u00f1an a las y los j\u00f3venes en cada etapa de su desarrollo, fomentando en ellos valores, disciplina, constancia y la determinaci\u00f3n necesaria para alcanzar sus metas.<\/p>\n<p style=\"text-align: justify;\">Finalmente, Blanca Merari reiter\u00f3 que la Medalla al M\u00e9rito Juvenil 2026 debe representar apenas el comienzo de una trayectoria de mayores \u00e9xitos para quienes hoy fueron reconocidos, y convoc\u00f3 a todas las juventudes de Puerto Morelos a involucrarse activamente en la construcci\u00f3n del municipio que desean.<\/p>\n<blockquote>\n<p style=\"text-align: justify;\">\u201cSigan estudiando, sigan prepar\u00e1ndose y atr\u00e9vanse a participar. Puerto Morelos cuenta con ustedes. Sus ideas, su energ\u00eda y su creatividad son indispensables para seguir transformando nuestro municipio. Ustedes no son solamente el futuro: son el presente activo de Puerto Morelos\u201d, concluy\u00f3.<\/p>\n<\/blockquote>\n<p style=\"text-align: justify;\"><strong>-0-0-0-0-0-<\/strong><\/p>\n","protected":false},"excerpt":{"rendered":"<p>Puerto Morelos, Quintana Roo, a 31 de agosto de 2026.\u2014 En el marco de la V Sesi\u00f3n Solemne de Cabildo, el Ayuntamiento de Puerto Morelos entreg\u00f3 la Medalla al M\u00e9rito Juvenil 2026 a cinco j\u00f3venes que han destacado por su trayectoria, talento, disciplina y compromiso con la comunidad, adem\u00e1s de otorgar cinco menciones honor\u00edficas a [&hellip;]<\/p>\n","protected":false},"author":1,"featured_media":36769,"comment_status":"closed","ping_status":"closed","sticky":false,"template":"","format":"gallery","meta":{"footnotes":""},"categories":[6],"tags":[],"class_list":["post-36757","post","type-post","status-publish","format-gallery","has-post-thumbnail","hentry","category-sesiones-de-cabildo","post_format-post-format-gallery"],"yoast_head":"<!-- This site is optimized with the Yoast SEO plugin v28.3 - https:\/\/yoast.com\/product\/yoast-seo-wordpress\/ -->\n<title>ENTREGAN LA MEDALLA AL M\u00c9RITO JUVENIL 2026 DE PUERTO MORELOS - Comunicaci\u00f3n Social de Puerto Morelos 2024 - 2027<\/title>\n<meta name=\"robots\" content=\"index, follow, max-snippet:-1, max-image-preview:large, max-video-preview:-1\" \/>\n<link rel=\"canonical\" href=\"https:\/\/puertomorelos.gob.mx\/comunicacionsocial\/entregan-la-medalla-al-merito-juvenil-2026-de-puerto-morelos\/\" \/>\n<meta property=\"og:locale\" content=\"es_MX\" \/>\n<meta property=\"og:type\" content=\"article\" \/>\n<meta property=\"og:title\" content=\"ENTREGAN LA MEDALLA AL M\u00c9RITO JUVENIL 2026 DE PUERTO MORELOS - Comunicaci\u00f3n Social de Puerto Morelos 2024 - 2027\" \/>\n<meta property=\"og:description\" content=\"Puerto Morelos, Quintana Roo, a 31 de agosto de 2026.\u2014 En el marco de la V Sesi\u00f3n Solemne de Cabildo, el Ayuntamiento de Puerto Morelos entreg\u00f3 la Medalla al M\u00e9rito Juvenil 2026 a cinco j\u00f3venes que han destacado por su trayectoria, talento, disciplina y compromiso con la comunidad, adem\u00e1s de otorgar cinco menciones honor\u00edficas a [&hellip;]\" \/>\n<meta property=\"og:url\" content=\"https:\/\/puertomorelos.gob.mx\/comunicacionsocial\/entregan-la-medalla-al-merito-juvenil-2026-de-puerto-morelos\/\" \/>\n<meta property=\"og:site_name\" content=\"Comunicaci\u00f3n Social de Puerto Morelos 2024 - 2027\" \/>\n<meta property=\"article:publisher\" content=\"https:\/\/www.facebook.com\/PtoMorelosAyto\" \/>\n<meta property=\"article:published_time\" content=\"2026-08-31T23:29:25+00:00\" \/>\n<meta property=\"og:image\" content=\"https:\/\/puertomorelos.gob.mx\/comunicacionsocial\/wp-content\/uploads\/2026\/08\/ENTREGAN-LA-MEDALLA-AL-MERITO-JUVENIL-2026-DE-PUERTO-MORELOS-12.jpeg\" \/>\n\t<meta property=\"og:image:width\" content=\"1280\" \/>\n\t<meta property=\"og:image:height\" content=\"809\" \/>\n\t<meta property=\"og:image:type\" content=\"image\/jpeg\" \/>\n<meta name=\"author\" content=\"comunicacionsocial\" \/>\n<meta name=\"twitter:card\" content=\"summary_large_image\" \/>\n<meta name=\"twitter:creator\" content=\"@PtoMorelosAyto\" \/>\n<meta name=\"twitter:site\" content=\"@PtoMorelosAyto\" \/>\n<meta name=\"twitter:label1\" content=\"Escrito por\" \/>\n\t<meta name=\"twitter:data1\" content=\"comunicacionsocial\" \/>\n\t<meta name=\"twitter:label2\" content=\"Tiempo de lectura\" \/>\n\t<meta name=\"twitter:data2\" content=\"3 minutos\" \/>\n<script type=\"application\/ld+json\" class=\"yoast-schema-graph\">{\"@context\":\"https:\\\/\\\/schema.org\",\"@graph\":[{\"@type\":\"Article\",\"@id\":\"https:\\\/\\\/puertomorelos.gob.mx\\\/comunicacionsocial\\\/entregan-la-medalla-al-merito-juvenil-2026-de-puerto-morelos\\\/#article\",\"isPartOf\":{\"@id\":\"https:\\\/\\\/puertomorelos.gob.mx\\\/comunicacionsocial\\\/entregan-la-medalla-al-merito-juvenil-2026-de-puerto-morelos\\\/\"},\"author\":{\"name\":\"comunicacionsocial\",\"@id\":\"https:\\\/\\\/puertomorelos.gob.mx\\\/comunicacionsocial\\\/#\\\/schema\\\/person\\\/78dbbd01f21077d4240a0193131f4cfc\"},\"headline\":\"ENTREGAN LA MEDALLA AL M\u00c9RITO JUVENIL 2026 DE PUERTO MORELOS\",\"datePublished\":\"2026-08-31T23:29:25+00:00\",\"mainEntityOfPage\":{\"@id\":\"https:\\\/\\\/puertomorelos.gob.mx\\\/comunicacionsocial\\\/entregan-la-medalla-al-merito-juvenil-2026-de-puerto-morelos\\\/\"},\"wordCount\":764,\"publisher\":{\"@id\":\"https:\\\/\\\/puertomorelos.gob.mx\\\/comunicacionsocial\\\/#organization\"},\"image\":{\"@id\":\"https:\\\/\\\/puertomorelos.gob.mx\\\/comunicacionsocial\\\/entregan-la-medalla-al-merito-juvenil-2026-de-puerto-morelos\\\/#primaryimage\"},\"thumbnailUrl\":\"https:\\\/\\\/puertomorelos.gob.mx\\\/comunicacionsocial\\\/wp-content\\\/uploads\\\/2026\\\/08\\\/ENTREGAN-LA-MEDALLA-AL-MERITO-JUVENIL-2026-DE-PUERTO-MORELOS-12.jpeg\",\"articleSection\":[\"SESIONES DE CABILDO\"],\"inLanguage\":\"es\"},{\"@type\":\"WebPage\",\"@id\":\"https:\\\/\\\/puertomorelos.gob.mx\\\/comunicacionsocial\\\/entregan-la-medalla-al-merito-juvenil-2026-de-puerto-morelos\\\/\",\"url\":\"https:\\\/\\\/puertomorelos.gob.mx\\\/comunicacionsocial\\\/entregan-la-medalla-al-merito-juvenil-2026-de-puerto-morelos\\\/\",\"name\":\"ENTREGAN LA MEDALLA AL M\u00c9RITO JUVENIL 2026 DE PUERTO MORELOS - Comunicaci\u00f3n Social de Puerto Morelos 2024 - 2027\",\"isPartOf\":{\"@id\":\"https:\\\/\\\/puertomorelos.gob.mx\\\/comunicacionsocial\\\/#website\"},\"primaryImageOfPage\":{\"@id\":\"https:\\\/\\\/puertomorelos.gob.mx\\\/comunicacionsocial\\\/entregan-la-medalla-al-merito-juvenil-2026-de-puerto-morelos\\\/#primaryimage\"},\"image\":{\"@id\":\"https:\\\/\\\/puertomorelos.gob.mx\\\/comunicacionsocial\\\/entregan-la-medalla-al-merito-juvenil-2026-de-puerto-morelos\\\/#primaryimage\"},\"thumbnailUrl\":\"https:\\\/\\\/puertomorelos.gob.mx\\\/comunicacionsocial\\\/wp-content\\\/uploads\\\/2026\\\/08\\\/ENTREGAN-LA-MEDALLA-AL-MERITO-JUVENIL-2026-DE-PUERTO-MORELOS-12.jpeg\",\"datePublished\":\"2026-08-31T23:29:25+00:00\",\"breadcrumb\":{\"@id\":\"https:\\\/\\\/puertomorelos.gob.mx\\\/comunicacionsocial\\\/entregan-la-medalla-al-merito-juvenil-2026-de-puerto-morelos\\\/#breadcrumb\"},\"inLanguage\":\"es\",\"potentialAction\":[{\"@type\":\"ReadAction\",\"target\":[\"https:\\\/\\\/puertomorelos.gob.mx\\\/comunicacionsocial\\\/entregan-la-medalla-al-merito-juvenil-2026-de-puerto-morelos\\\/\"]}]},{\"@type\":\"ImageObject\",\"inLanguage\":\"es\",\"@id\":\"https:\\\/\\\/puertomorelos.gob.mx\\\/comunicacionsocial\\\/entregan-la-medalla-al-merito-juvenil-2026-de-puerto-morelos\\\/#primaryimage\",\"url\":\"https:\\\/\\\/puertomorelos.gob.mx\\\/comunicacionsocial\\\/wp-content\\\/uploads\\\/2026\\\/08\\\/ENTREGAN-LA-MEDALLA-AL-MERITO-JUVENIL-2026-DE-PUERTO-MORELOS-12.jpeg\",\"contentUrl\":\"https:\\\/\\\/puertomorelos.gob.mx\\\/comunicacionsocial\\\/wp-content\\\/uploads\\\/2026\\\/08\\\/ENTREGAN-LA-MEDALLA-AL-MERITO-JUVENIL-2026-DE-PUERTO-MORELOS-12.jpeg\",\"width\":1280,\"height\":809},{\"@type\":\"BreadcrumbList\",\"@id\":\"https:\\\/\\\/puertomorelos.gob.mx\\\/comunicacionsocial\\\/entregan-la-medalla-al-merito-juvenil-2026-de-puerto-morelos\\\/#breadcrumb\",\"itemListElement\":[{\"@type\":\"ListItem\",\"position\":1,\"name\":\"Inicio\",\"item\":\"https:\\\/\\\/puertomorelos.gob.mx\\\/comunicacionsocial\\\/\"},{\"@type\":\"ListItem\",\"position\":2,\"name\":\"ENTREGAN LA MEDALLA AL M\u00c9RITO JUVENIL 2026 DE PUERTO MORELOS\"}]},{\"@type\":\"WebSite\",\"@id\":\"https:\\\/\\\/puertomorelos.gob.mx\\\/comunicacionsocial\\\/#website\",\"url\":\"https:\\\/\\\/puertomorelos.gob.mx\\\/comunicacionsocial\\\/\",\"name\":\"DIRECCI\u00d3N DE COMUNICACI\u00d3N SOCIAL PUERTO MORELOS\",\"description\":\"\",\"publisher\":{\"@id\":\"https:\\\/\\\/puertomorelos.gob.mx\\\/comunicacionsocial\\\/#organization\"},\"alternateName\":\"DIRECCI\u00d3N DE COMUNICACI\u00d3N SOCIAL PUERTO MORELOS\",\"potentialAction\":[{\"@type\":\"SearchAction\",\"target\":{\"@type\":\"EntryPoint\",\"urlTemplate\":\"https:\\\/\\\/puertomorelos.gob.mx\\\/comunicacionsocial\\\/?s={search_term_string}\"},\"query-input\":{\"@type\":\"PropertyValueSpecification\",\"valueRequired\":true,\"valueName\":\"search_term_string\"}}],\"inLanguage\":\"es\"},{\"@type\":\"Organization\",\"@id\":\"https:\\\/\\\/puertomorelos.gob.mx\\\/comunicacionsocial\\\/#organization\",\"name\":\"DIRECCI\u00d3N DE COMUNICACI\u00d3N SOCIAL PUERTO MORELOS\",\"url\":\"https:\\\/\\\/puertomorelos.gob.mx\\\/comunicacionsocial\\\/\",\"logo\":{\"@type\":\"ImageObject\",\"inLanguage\":\"es\",\"@id\":\"https:\\\/\\\/puertomorelos.gob.mx\\\/comunicacionsocial\\\/#\\\/schema\\\/logo\\\/image\\\/\",\"url\":\"https:\\\/\\\/puertomorelos.gob.mx\\\/comunicacionsocial\\\/wp-content\\\/uploads\\\/2023\\\/02\\\/dcs.jpg\",\"contentUrl\":\"https:\\\/\\\/puertomorelos.gob.mx\\\/comunicacionsocial\\\/wp-content\\\/uploads\\\/2023\\\/02\\\/dcs.jpg\",\"width\":1500,\"height\":1127,\"caption\":\"DIRECCI\u00d3N DE COMUNICACI\u00d3N SOCIAL PUERTO MORELOS\"},\"image\":{\"@id\":\"https:\\\/\\\/puertomorelos.gob.mx\\\/comunicacionsocial\\\/#\\\/schema\\\/logo\\\/image\\\/\"},\"sameAs\":[\"https:\\\/\\\/www.facebook.com\\\/PtoMorelosAyto\",\"https:\\\/\\\/x.com\\\/PtoMorelosAyto\"]},{\"@type\":\"Person\",\"@id\":\"https:\\\/\\\/puertomorelos.gob.mx\\\/comunicacionsocial\\\/#\\\/schema\\\/person\\\/78dbbd01f21077d4240a0193131f4cfc\",\"name\":\"comunicacionsocial\"}]}<\/script>\n<!-- \/ Yoast SEO plugin. -->","yoast_head_json":{"title":"ENTREGAN LA MEDALLA AL M\u00c9RITO JUVENIL 2026 DE PUERTO MORELOS - Comunicaci\u00f3n Social de Puerto Morelos 2024 - 2027","robots":{"index":"index","follow":"follow","max-snippet":"max-snippet:-1","max-image-preview":"max-image-preview:large","max-video-preview":"max-video-preview:-1"},"canonical":"https:\/\/puertomorelos.gob.mx\/comunicacionsocial\/entregan-la-medalla-al-merito-juvenil-2026-de-puerto-morelos\/","og_locale":"es_MX","og_type":"article","og_title":"ENTREGAN LA MEDALLA AL M\u00c9RITO JUVENIL 2026 DE PUERTO MORELOS - Comunicaci\u00f3n Social de Puerto Morelos 2024 - 2027","og_description":"Puerto Morelos, Quintana Roo, a 31 de agosto de 2026.\u2014 En el marco de la V Sesi\u00f3n Solemne de Cabildo, el Ayuntamiento de Puerto Morelos entreg\u00f3 la Medalla al M\u00e9rito Juvenil 2026 a cinco j\u00f3venes que han destacado por su trayectoria, talento, disciplina y compromiso con la comunidad, adem\u00e1s de otorgar cinco menciones honor\u00edficas a [&hellip;]","og_url":"https:\/\/puertomorelos.gob.mx\/comunicacionsocial\/entregan-la-medalla-al-merito-juvenil-2026-de-puerto-morelos\/","og_site_name":"Comunicaci\u00f3n Social de Puerto Morelos 2024 - 2027","article_publisher":"https:\/\/www.facebook.com\/PtoMorelosAyto","article_published_time":"2026-08-31T23:29:25+00:00","og_image":[{"width":1280,"height":809,"url":"https:\/\/puertomorelos.gob.mx\/comunicacionsocial\/wp-content\/uploads\/2026\/08\/ENTREGAN-LA-MEDALLA-AL-MERITO-JUVENIL-2026-DE-PUERTO-MORELOS-12.jpeg","type":"image\/jpeg"}],"author":"comunicacionsocial","twitter_card":"summary_large_image","twitter_creator":"@PtoMorelosAyto","twitter_site":"@PtoMorelosAyto","twitter_misc":{"Escrito por":"comunicacionsocial","Tiempo de lectura":"3 minutos"},"schema":{"@context":"https:\/\/schema.org","@graph":[{"@type":"Article","@id":"https:\/\/puertomorelos.gob.mx\/comunicacionsocial\/entregan-la-medalla-al-merito-juvenil-2026-de-puerto-morelos\/#article","isPartOf":{"@id":"https:\/\/puertomorelos.gob.mx\/comunicacionsocial\/entregan-la-medalla-al-merito-juvenil-2026-de-puerto-morelos\/"},"author":{"name":"comunicacionsocial","@id":"https:\/\/puertomorelos.gob.mx\/comunicacionsocial\/#\/schema\/person\/78dbbd01f21077d4240a0193131f4cfc"},"headline":"ENTREGAN LA MEDALLA AL M\u00c9RITO JUVENIL 2026 DE PUERTO MORELOS","datePublished":"2026-08-31T23:29:25+00:00","mainEntityOfPage":{"@id":"https:\/\/puertomorelos.gob.mx\/comunicacionsocial\/entregan-la-medalla-al-merito-juvenil-2026-de-puerto-morelos\/"},"wordCount":764,"publisher":{"@id":"https:\/\/puertomorelos.gob.mx\/comunicacionsocial\/#organization"},"image":{"@id":"https:\/\/puertomorelos.gob.mx\/comunicacionsocial\/entregan-la-medalla-al-merito-juvenil-2026-de-puerto-morelos\/#primaryimage"},"thumbnailUrl":"https:\/\/puertomorelos.gob.mx\/comunicacionsocial\/wp-content\/uploads\/2026\/08\/ENTREGAN-LA-MEDALLA-AL-MERITO-JUVENIL-2026-DE-PUERTO-MORELOS-12.jpeg","articleSection":["SESIONES DE CABILDO"],"inLanguage":"es"},{"@type":"WebPage","@id":"https:\/\/puertomorelos.gob.mx\/comunicacionsocial\/entregan-la-medalla-al-merito-juvenil-2026-de-puerto-morelos\/","url":"https:\/\/puertomorelos.gob.mx\/comunicacionsocial\/entregan-la-medalla-al-merito-juvenil-2026-de-puerto-morelos\/","name":"ENTREGAN LA MEDALLA AL M\u00c9RITO JUVENIL 2026 DE PUERTO MORELOS - Comunicaci\u00f3n Social de Puerto Morelos 2024 - 2027","isPartOf":{"@id":"https:\/\/puertomorelos.gob.mx\/comunicacionsocial\/#website"},"primaryImageOfPage":{"@id":"https:\/\/puertomorelos.gob.mx\/comunicacionsocial\/entregan-la-medalla-al-merito-juvenil-2026-de-puerto-morelos\/#primaryimage"},"image":{"@id":"https:\/\/puertomorelos.gob.mx\/comunicacionsocial\/entregan-la-medalla-al-merito-juvenil-2026-de-puerto-morelos\/#primaryimage"},"thumbnailUrl":"https:\/\/puertomorelos.gob.mx\/comunicacionsocial\/wp-content\/uploads\/2026\/08\/ENTREGAN-LA-MEDALLA-AL-MERITO-JUVENIL-2026-DE-PUERTO-MORELOS-12.jpeg","datePublished":"2026-08-31T23:29:25+00:00","breadcrumb":{"@id":"https:\/\/puertomorelos.gob.mx\/comunicacionsocial\/entregan-la-medalla-al-merito-juvenil-2026-de-puerto-morelos\/#breadcrumb"},"inLanguage":"es","potentialAction":[{"@type":"ReadAction","target":["https:\/\/puertomorelos.gob.mx\/comunicacionsocial\/entregan-la-medalla-al-merito-juvenil-2026-de-puerto-morelos\/"]}]},{"@type":"ImageObject","inLanguage":"es","@id":"https:\/\/puertomorelos.gob.mx\/comunicacionsocial\/entregan-la-medalla-al-merito-juvenil-2026-de-puerto-morelos\/#primaryimage","url":"https:\/\/puertomorelos.gob.mx\/comunicacionsocial\/wp-content\/uploads\/2026\/08\/ENTREGAN-LA-MEDALLA-AL-MERITO-JUVENIL-2026-DE-PUERTO-MORELOS-12.jpeg","contentUrl":"https:\/\/puertomorelos.gob.mx\/comunicacionsocial\/wp-content\/uploads\/2026\/08\/ENTREGAN-LA-MEDALLA-AL-MERITO-JUVENIL-2026-DE-PUERTO-MORELOS-12.jpeg","width":1280,"height":809},{"@type":"BreadcrumbList","@id":"https:\/\/puertomorelos.gob.mx\/comunicacionsocial\/entregan-la-medalla-al-merito-juvenil-2026-de-puerto-morelos\/#breadcrumb","itemListElement":[{"@type":"ListItem","position":1,"name":"Inicio","item":"https:\/\/puertomorelos.gob.mx\/comunicacionsocial\/"},{"@type":"ListItem","position":2,"name":"ENTREGAN LA MEDALLA AL M\u00c9RITO JUVENIL 2026 DE PUERTO MORELOS"}]},{"@type":"WebSite","@id":"https:\/\/puertomorelos.gob.mx\/comunicacionsocial\/#website","url":"https:\/\/puertomorelos.gob.mx\/comunicacionsocial\/","name":"DIRECCI\u00d3N DE COMUNICACI\u00d3N SOCIAL PUERTO MORELOS","description":"","publisher":{"@id":"https:\/\/puertomorelos.gob.mx\/comunicacionsocial\/#organization"},"alternateName":"DIRECCI\u00d3N DE COMUNICACI\u00d3N SOCIAL PUERTO MORELOS","potentialAction":[{"@type":"SearchAction","target":{"@type":"EntryPoint","urlTemplate":"https:\/\/puertomorelos.gob.mx\/comunicacionsocial\/?s={search_term_string}"},"query-input":{"@type":"PropertyValueSpecification","valueRequired":true,"valueName":"search_term_string"}}],"inLanguage":"es"},{"@type":"Organization","@id":"https:\/\/puertomorelos.gob.mx\/comunicacionsocial\/#organization","name":"DIRECCI\u00d3N DE COMUNICACI\u00d3N SOCIAL PUERTO MORELOS","url":"https:\/\/puertomorelos.gob.mx\/comunicacionsocial\/","logo":{"@type":"ImageObject","inLanguage":"es","@id":"https:\/\/puertomorelos.gob.mx\/comunicacionsocial\/#\/schema\/logo\/image\/","url":"https:\/\/puertomorelos.gob.mx\/comunicacionsocial\/wp-content\/uploads\/2023\/02\/dcs.jpg","contentUrl":"https:\/\/puertomorelos.gob.mx\/comunicacionsocial\/wp-content\/uploads\/2023\/02\/dcs.jpg","width":1500,"height":1127,"caption":"DIRECCI\u00d3N DE COMUNICACI\u00d3N SOCIAL PUERTO MORELOS"},"image":{"@id":"https:\/\/puertomorelos.gob.mx\/comunicacionsocial\/#\/schema\/logo\/image\/"},"sameAs":["https:\/\/www.facebook.com\/PtoMorelosAyto","https:\/\/x.com\/PtoMorelosAyto"]},{"@type":"Person","@id":"https:\/\/puertomorelos.gob.mx\/comunicacionsocial\/#\/schema\/person\/78dbbd01f21077d4240a0193131f4cfc","name":"comunicacionsocial"}]}},"amp_enabled":true,"_links":{"self":[{"href":"https:\/\/puertomorelos.gob.mx\/comunicacionsocial\/wp-json\/wp\/v2\/posts\/36757","targetHints":{"allow":["GET"]}}],"collection":[{"href":"https:\/\/puertomorelos.gob.mx\/comunicacionsocial\/wp-json\/wp\/v2\/posts"}],"about":[{"href":"https:\/\/puertomorelos.gob.mx\/comunicacionsocial\/wp-json\/wp\/v2\/types\/post"}],"author":[{"embeddable":true,"href":"https:\/\/puertomorelos.gob.mx\/comunicacionsocial\/wp-json\/wp\/v2\/users\/1"}],"replies":[{"embeddable":true,"href":"https:\/\/puertomorelos.gob.mx\/comunicacionsocial\/wp-json\/wp\/v2\/comments?post=36757"}],"version-history":[{"count":1,"href":"https:\/\/puertomorelos.gob.mx\/comunicacionsocial\/wp-json\/wp\/v2\/posts\/36757\/revisions"}],"predecessor-version":[{"id":36770,"href":"https:\/\/puertomorelos.gob.mx\/comunicacionsocial\/wp-json\/wp\/v2\/posts\/36757\/revisions\/36770"}],"wp:featuredmedia":[{"embeddable":true,"href":"https:\/\/puertomorelos.gob.mx\/comunicacionsocial\/wp-json\/wp\/v2\/media\/36769"}],"wp:attachment":[{"href":"https:\/\/puertomorelos.gob.mx\/comunicacionsocial\/wp-json\/wp\/v2\/media?parent=36757"}],"wp:term":[{"taxonomy":"category","embeddable":true,"href":"https:\/\/puertomorelos.gob.mx\/comunicacionsocial\/wp-json\/wp\/v2\/categories?post=36757"},{"taxonomy":"post_tag","embeddable":true,"href":"https:\/\/puertomorelos.gob.mx\/comunicacionsocial\/wp-json\/wp\/v2\/tags?post=36757"}],"curies":[{"name":"wp","href":"https:\/\/api.w.org\/{rel}","templated":true}]}}