{"id":36744,"date":"2026-08-31T17:28:02","date_gmt":"2026-08-31T23:28:02","guid":{"rendered":"https:\/\/puertomorelos.gob.mx\/comunicacionsocial\/?p=36744"},"modified":"2026-08-31T17:28:02","modified_gmt":"2026-08-31T23:28:02","slug":"da-blanca-merari-la-bienvenida-a-ninas-y-ninos-al-ciclo-escolar-2026-2027","status":"publish","type":"post","link":"https:\/\/puertomorelos.gob.mx\/comunicacionsocial\/da-blanca-merari-la-bienvenida-a-ninas-y-ninos-al-ciclo-escolar-2026-2027\/","title":{"rendered":"DA BLANCA MERARI LA BIENVENIDA A NI\u00d1AS Y NI\u00d1OS AL CICLO ESCOLAR 2026-2027"},"content":{"rendered":"<p style=\"text-align: justify;\"><strong>Puerto Morelos, Quintana Roo, a 31 de agosto de 2026.\u2014 Con un llamado a aprovechar al m\u00e1ximo las oportunidades que brinda la educaci\u00f3n, la presidenta municipal Blanca Merari Tziu Mu\u00f1oz dio la bienvenida a ni\u00f1as, ni\u00f1os y adolescentes de Puerto Morelos al ciclo escolar 2026-2027, durante la ceremonia oficial de regreso a clases, en la que realiz\u00f3 la entrega simb\u00f3lica de material escolar.<\/strong><\/p>\n<p style=\"text-align: justify;\">La Presidenta Municipal inform\u00f3 que, como parte de las acciones de apoyo a las familias por parte del gobierno de Quintana Roo y de la gobernadora Mara Lezama, se distribuir\u00e1n en el municipio 3 mil 556 paquetes de uniformes y mochilas, adem\u00e1s de 3 mil 595 paquetes de \u00fatiles escolares b\u00e1sicos, en beneficio de casi 5 mil alumnas y alumnos de preescolar, primaria y secundaria.<\/p>\n<p style=\"text-align: justify;\">La alcaldesa, pidi\u00f3 a las ni\u00f1as y ni\u00f1os aprovechar al m\u00e1ximo la posibilidad de estar en un plantel, porque la educaci\u00f3n es un derecho y hay un gran esfuerzo desde los hogares e instituciones para garantizar que se cumpla a cabalidad, por ello, agradeci\u00f3 el impulso de la primer mujer gobernadora de Quintana Roo a la educcaci\u00f3n.<\/p>\n<blockquote>\n<p style=\"text-align: justify;\">\u201cDetr\u00e1s de cada uniforme, de cada mochila y de cada paquete de \u00fatiles hay algo todav\u00eda m\u00e1s importante: la oportunidad de comenzar las clases con las herramientas necesarias y con la tranquilidad de que sus familias cuentan con un apoyo\u201d, afirm\u00f3.<\/p>\n<\/blockquote>\n<p style=\"text-align: justify;\">Ante estudiantes y docentes, Blanca Merari destac\u00f3 existe un prop\u00f3sito fundamental: brindar a las nuevas generaciones las herramientas necesarias para iniciar sus estudios con mejores condiciones y contribuir a la econom\u00eda de las familias.<\/p>\n<p style=\"text-align: justify;\">Asimismo, reconoci\u00f3 el compromiso y dedicaci\u00f3n del personal docente y administrativo, al se\u00f1alar que su trabajo es fundamental para acompa\u00f1ar a las ni\u00f1as, ni\u00f1os y j\u00f3venes en su formaci\u00f3n.<\/p>\n<p style=\"text-align: justify;\">Blanca Merari invit\u00f3 a las y los estudiantes a disfrutar esta nueva etapa, aprender, escuchar a sus maestras y maestros, respetar a sus compa\u00f1eras y compa\u00f1eros y hacer nuevos amigos.<\/p>\n<blockquote>\n<p style=\"text-align: justify;\">\u201cNunca dejen de so\u00f1ar. No hay sue\u00f1o demasiado grande cuando se trabaja todos los d\u00edas para alcanzarlo\u201d, enfatiz\u00f3.<\/p>\n<\/blockquote>\n<p style=\"text-align: justify;\">La Presidenta Municipal refrend\u00f3 que su gobierno continuar\u00e1 trabajando para generar mejores condiciones y oportunidades para las ni\u00f1as, ni\u00f1os y j\u00f3venes de Puerto Morelos, con la convicci\u00f3n de que la educaci\u00f3n es una herramienta fundamental para construir el futuro que merecen.<\/p>\n<p style=\"text-align: justify;\">Por su parte, el Dr. Genaro G\u00f3mez Salazar, enlace de la Secretar\u00eda de Educaci\u00f3n de Quintana Roo en Puerto Morelos, destac\u00f3 que el regreso a las aulas representa una nueva oportunidad para construir el futuro del estado y del municipio.<\/p>\n<blockquote>\n<p style=\"text-align: justify;\">\u201cEl futuro comienza en las aulas. Cada ni\u00f1a y cada ni\u00f1o que hoy regresa a la escuela representa una posibilidad para Quintana Roo: un futuro m\u00e9dico, una futura maestra, un ingeniero, una cient\u00edfica, un artista o un deportista\u201d, se\u00f1al\u00f3.<\/p>\n<\/blockquote>\n<p style=\"text-align: justify;\">Subray\u00f3 que el inicio del nuevo ciclo escolar refrenda el compromiso de las autoridades con el bienestar y las oportunidades educativas de las nuevas generaciones, al tiempo que reconoci\u00f3 el trabajo coordinado entre los gobiernos, las instituciones educativas, docentes y familias.<\/p>\n<p style=\"text-align: justify;\">En su intervenci\u00f3n, Martina Gusm\u00e1n Mayo, directora de la escuela primaria David Alfaro Siqueiros turno matutino, destac\u00f3 el acompa\u00f1amiento de las autoridades municipales y educativas y se\u00f1al\u00f3 que la educaci\u00f3n es un motor de transformaci\u00f3n social.<\/p>\n<blockquote>\n<p style=\"text-align: justify;\">\u201cEste esfuerzo entre los distintos \u00f3rdenes de gobierno, nuestra estructura educativa, los docentes y las familias es la garant\u00eda de que estamos construyendo un entorno donde el talento de nuestros ni\u00f1os y ni\u00f1as puede florecer sin l\u00edmites y con las mejores herramientas a su disposici\u00f3n\u201d, expres\u00f3.<\/p>\n<\/blockquote>\n<p style=\"text-align: justify;\">La directora dio la bienvenida a las y los estudiantes y manifest\u00f3 su confianza en que este ciclo escolar estar\u00e1 marcado por nuevos aprendizajes, experiencias y logros.<\/p>\n<p style=\"text-align: justify;\">La ceremonia inici\u00f3 con los honores al L\u00e1baro Patrio y la entonaci\u00f3n del Himno Nacional Mexicano y el Himno a Quintana Roo, como parte del acto protocolario de apertura del ciclo escolar 2026-2027.<\/p>\n<p style=\"text-align: justify;\"><strong>Acompa\u00f1aron a la Presidenta Municipal en esta ceremonia la maestra In\u00e9s Arteaga del \u00c1ngel, directora de la primaria David Alfaro Siqueiros, turno vespertino; Joaqu\u00edn Lara, integrante del Consejo de Participaci\u00f3n Social; la alumna de quinto grado Mar\u00eda Jos\u00e9 Prado Hau; el alumno Hamilton Alexis Axjup L\u00f3pez; el secretario general del Ayuntamiento, Jos\u00e9 de Jes\u00fas Espinosa Pay\u00e1n, as\u00ed como Sara Eugenia S\u00e1nchez Canul, directora del Instituto Municipal de Educaci\u00f3n.<\/strong><\/p>\n<p style=\"text-align: justify;\"><strong>0-0-0-0<\/strong><\/p>\n","protected":false},"excerpt":{"rendered":"<p>Puerto Morelos, Quintana Roo, a 31 de agosto de 2026.\u2014 Con un llamado a aprovechar al m\u00e1ximo las oportunidades que brinda la educaci\u00f3n, la presidenta municipal Blanca Merari Tziu Mu\u00f1oz dio la bienvenida a ni\u00f1as, ni\u00f1os y adolescentes de Puerto Morelos al ciclo escolar 2026-2027, durante la ceremonia oficial de regreso a clases, en la [&hellip;]<\/p>\n","protected":false},"author":1,"featured_media":36753,"comment_status":"closed","ping_status":"closed","sticky":false,"template":"","format":"gallery","meta":{"footnotes":""},"categories":[1],"tags":[],"class_list":["post-36744","post","type-post","status-publish","format-gallery","has-post-thumbnail","hentry","category-boletines","post_format-post-format-gallery"],"yoast_head":"<!-- This site is optimized with the Yoast SEO plugin v28.3 - https:\/\/yoast.com\/product\/yoast-seo-wordpress\/ -->\n<title>DA BLANCA MERARI LA BIENVENIDA A NI\u00d1AS Y NI\u00d1OS AL CICLO ESCOLAR 2026-2027 - Comunicaci\u00f3n Social de Puerto Morelos 2024 - 2027<\/title>\n<meta name=\"robots\" content=\"index, follow, max-snippet:-1, max-image-preview:large, max-video-preview:-1\" \/>\n<link rel=\"canonical\" href=\"https:\/\/puertomorelos.gob.mx\/comunicacionsocial\/da-blanca-merari-la-bienvenida-a-ninas-y-ninos-al-ciclo-escolar-2026-2027\/\" \/>\n<meta property=\"og:locale\" content=\"es_MX\" \/>\n<meta property=\"og:type\" content=\"article\" \/>\n<meta property=\"og:title\" content=\"DA BLANCA MERARI LA BIENVENIDA A NI\u00d1AS Y NI\u00d1OS AL CICLO ESCOLAR 2026-2027 - Comunicaci\u00f3n Social de Puerto Morelos 2024 - 2027\" \/>\n<meta property=\"og:description\" content=\"Puerto Morelos, Quintana Roo, a 31 de agosto de 2026.\u2014 Con un llamado a aprovechar al m\u00e1ximo las oportunidades que brinda la educaci\u00f3n, la presidenta municipal Blanca Merari Tziu Mu\u00f1oz dio la bienvenida a ni\u00f1as, ni\u00f1os y adolescentes de Puerto Morelos al ciclo escolar 2026-2027, durante la ceremonia oficial de regreso a clases, en la [&hellip;]\" \/>\n<meta property=\"og:url\" content=\"https:\/\/puertomorelos.gob.mx\/comunicacionsocial\/da-blanca-merari-la-bienvenida-a-ninas-y-ninos-al-ciclo-escolar-2026-2027\/\" \/>\n<meta property=\"og:site_name\" content=\"Comunicaci\u00f3n Social de Puerto Morelos 2024 - 2027\" \/>\n<meta property=\"article:publisher\" content=\"https:\/\/www.facebook.com\/PtoMorelosAyto\" \/>\n<meta property=\"article:published_time\" content=\"2026-08-31T23:28:02+00:00\" \/>\n<meta property=\"og:image\" content=\"https:\/\/puertomorelos.gob.mx\/comunicacionsocial\/wp-content\/uploads\/2026\/08\/DA-BLANCA-MERARI-LA-BIENVENIDA-A-NINAS-Y-NINOS-AL-CICLO-ESCOLAR-2026-2027-9.jpeg\" \/>\n\t<meta property=\"og:image:width\" content=\"1280\" \/>\n\t<meta property=\"og:image:height\" content=\"835\" \/>\n\t<meta property=\"og:image:type\" content=\"image\/jpeg\" \/>\n<meta name=\"author\" content=\"comunicacionsocial\" \/>\n<meta name=\"twitter:card\" content=\"summary_large_image\" \/>\n<meta name=\"twitter:creator\" content=\"@PtoMorelosAyto\" \/>\n<meta name=\"twitter:site\" content=\"@PtoMorelosAyto\" \/>\n<meta name=\"twitter:label1\" content=\"Escrito por\" \/>\n\t<meta name=\"twitter:data1\" content=\"comunicacionsocial\" \/>\n\t<meta name=\"twitter:label2\" content=\"Tiempo de lectura\" \/>\n\t<meta name=\"twitter:data2\" content=\"3 minutos\" \/>\n<script type=\"application\/ld+json\" class=\"yoast-schema-graph\">{\"@context\":\"https:\\\/\\\/schema.org\",\"@graph\":[{\"@type\":\"Article\",\"@id\":\"https:\\\/\\\/puertomorelos.gob.mx\\\/comunicacionsocial\\\/da-blanca-merari-la-bienvenida-a-ninas-y-ninos-al-ciclo-escolar-2026-2027\\\/#article\",\"isPartOf\":{\"@id\":\"https:\\\/\\\/puertomorelos.gob.mx\\\/comunicacionsocial\\\/da-blanca-merari-la-bienvenida-a-ninas-y-ninos-al-ciclo-escolar-2026-2027\\\/\"},\"author\":{\"name\":\"comunicacionsocial\",\"@id\":\"https:\\\/\\\/puertomorelos.gob.mx\\\/comunicacionsocial\\\/#\\\/schema\\\/person\\\/78dbbd01f21077d4240a0193131f4cfc\"},\"headline\":\"DA BLANCA MERARI LA BIENVENIDA A NI\u00d1AS Y NI\u00d1OS AL CICLO ESCOLAR 2026-2027\",\"datePublished\":\"2026-08-31T23:28:02+00:00\",\"mainEntityOfPage\":{\"@id\":\"https:\\\/\\\/puertomorelos.gob.mx\\\/comunicacionsocial\\\/da-blanca-merari-la-bienvenida-a-ninas-y-ninos-al-ciclo-escolar-2026-2027\\\/\"},\"wordCount\":786,\"publisher\":{\"@id\":\"https:\\\/\\\/puertomorelos.gob.mx\\\/comunicacionsocial\\\/#organization\"},\"image\":{\"@id\":\"https:\\\/\\\/puertomorelos.gob.mx\\\/comunicacionsocial\\\/da-blanca-merari-la-bienvenida-a-ninas-y-ninos-al-ciclo-escolar-2026-2027\\\/#primaryimage\"},\"thumbnailUrl\":\"https:\\\/\\\/puertomorelos.gob.mx\\\/comunicacionsocial\\\/wp-content\\\/uploads\\\/2026\\\/08\\\/DA-BLANCA-MERARI-LA-BIENVENIDA-A-NINAS-Y-NINOS-AL-CICLO-ESCOLAR-2026-2027-9.jpeg\",\"articleSection\":[\"BOLETINES\"],\"inLanguage\":\"es\"},{\"@type\":\"WebPage\",\"@id\":\"https:\\\/\\\/puertomorelos.gob.mx\\\/comunicacionsocial\\\/da-blanca-merari-la-bienvenida-a-ninas-y-ninos-al-ciclo-escolar-2026-2027\\\/\",\"url\":\"https:\\\/\\\/puertomorelos.gob.mx\\\/comunicacionsocial\\\/da-blanca-merari-la-bienvenida-a-ninas-y-ninos-al-ciclo-escolar-2026-2027\\\/\",\"name\":\"DA BLANCA MERARI LA BIENVENIDA A NI\u00d1AS Y NI\u00d1OS AL CICLO ESCOLAR 2026-2027 - Comunicaci\u00f3n Social de Puerto Morelos 2024 - 2027\",\"isPartOf\":{\"@id\":\"https:\\\/\\\/puertomorelos.gob.mx\\\/comunicacionsocial\\\/#website\"},\"primaryImageOfPage\":{\"@id\":\"https:\\\/\\\/puertomorelos.gob.mx\\\/comunicacionsocial\\\/da-blanca-merari-la-bienvenida-a-ninas-y-ninos-al-ciclo-escolar-2026-2027\\\/#primaryimage\"},\"image\":{\"@id\":\"https:\\\/\\\/puertomorelos.gob.mx\\\/comunicacionsocial\\\/da-blanca-merari-la-bienvenida-a-ninas-y-ninos-al-ciclo-escolar-2026-2027\\\/#primaryimage\"},\"thumbnailUrl\":\"https:\\\/\\\/puertomorelos.gob.mx\\\/comunicacionsocial\\\/wp-content\\\/uploads\\\/2026\\\/08\\\/DA-BLANCA-MERARI-LA-BIENVENIDA-A-NINAS-Y-NINOS-AL-CICLO-ESCOLAR-2026-2027-9.jpeg\",\"datePublished\":\"2026-08-31T23:28:02+00:00\",\"breadcrumb\":{\"@id\":\"https:\\\/\\\/puertomorelos.gob.mx\\\/comunicacionsocial\\\/da-blanca-merari-la-bienvenida-a-ninas-y-ninos-al-ciclo-escolar-2026-2027\\\/#breadcrumb\"},\"inLanguage\":\"es\",\"potentialAction\":[{\"@type\":\"ReadAction\",\"target\":[\"https:\\\/\\\/puertomorelos.gob.mx\\\/comunicacionsocial\\\/da-blanca-merari-la-bienvenida-a-ninas-y-ninos-al-ciclo-escolar-2026-2027\\\/\"]}]},{\"@type\":\"ImageObject\",\"inLanguage\":\"es\",\"@id\":\"https:\\\/\\\/puertomorelos.gob.mx\\\/comunicacionsocial\\\/da-blanca-merari-la-bienvenida-a-ninas-y-ninos-al-ciclo-escolar-2026-2027\\\/#primaryimage\",\"url\":\"https:\\\/\\\/puertomorelos.gob.mx\\\/comunicacionsocial\\\/wp-content\\\/uploads\\\/2026\\\/08\\\/DA-BLANCA-MERARI-LA-BIENVENIDA-A-NINAS-Y-NINOS-AL-CICLO-ESCOLAR-2026-2027-9.jpeg\",\"contentUrl\":\"https:\\\/\\\/puertomorelos.gob.mx\\\/comunicacionsocial\\\/wp-content\\\/uploads\\\/2026\\\/08\\\/DA-BLANCA-MERARI-LA-BIENVENIDA-A-NINAS-Y-NINOS-AL-CICLO-ESCOLAR-2026-2027-9.jpeg\",\"width\":1280,\"height\":835},{\"@type\":\"BreadcrumbList\",\"@id\":\"https:\\\/\\\/puertomorelos.gob.mx\\\/comunicacionsocial\\\/da-blanca-merari-la-bienvenida-a-ninas-y-ninos-al-ciclo-escolar-2026-2027\\\/#breadcrumb\",\"itemListElement\":[{\"@type\":\"ListItem\",\"position\":1,\"name\":\"Inicio\",\"item\":\"https:\\\/\\\/puertomorelos.gob.mx\\\/comunicacionsocial\\\/\"},{\"@type\":\"ListItem\",\"position\":2,\"name\":\"DA BLANCA MERARI LA BIENVENIDA A NI\u00d1AS Y NI\u00d1OS AL CICLO ESCOLAR 2026-2027\"}]},{\"@type\":\"WebSite\",\"@id\":\"https:\\\/\\\/puertomorelos.gob.mx\\\/comunicacionsocial\\\/#website\",\"url\":\"https:\\\/\\\/puertomorelos.gob.mx\\\/comunicacionsocial\\\/\",\"name\":\"DIRECCI\u00d3N DE COMUNICACI\u00d3N SOCIAL PUERTO MORELOS\",\"description\":\"\",\"publisher\":{\"@id\":\"https:\\\/\\\/puertomorelos.gob.mx\\\/comunicacionsocial\\\/#organization\"},\"alternateName\":\"DIRECCI\u00d3N DE COMUNICACI\u00d3N SOCIAL PUERTO MORELOS\",\"potentialAction\":[{\"@type\":\"SearchAction\",\"target\":{\"@type\":\"EntryPoint\",\"urlTemplate\":\"https:\\\/\\\/puertomorelos.gob.mx\\\/comunicacionsocial\\\/?s={search_term_string}\"},\"query-input\":{\"@type\":\"PropertyValueSpecification\",\"valueRequired\":true,\"valueName\":\"search_term_string\"}}],\"inLanguage\":\"es\"},{\"@type\":\"Organization\",\"@id\":\"https:\\\/\\\/puertomorelos.gob.mx\\\/comunicacionsocial\\\/#organization\",\"name\":\"DIRECCI\u00d3N DE COMUNICACI\u00d3N SOCIAL PUERTO MORELOS\",\"url\":\"https:\\\/\\\/puertomorelos.gob.mx\\\/comunicacionsocial\\\/\",\"logo\":{\"@type\":\"ImageObject\",\"inLanguage\":\"es\",\"@id\":\"https:\\\/\\\/puertomorelos.gob.mx\\\/comunicacionsocial\\\/#\\\/schema\\\/logo\\\/image\\\/\",\"url\":\"https:\\\/\\\/puertomorelos.gob.mx\\\/comunicacionsocial\\\/wp-content\\\/uploads\\\/2023\\\/02\\\/dcs.jpg\",\"contentUrl\":\"https:\\\/\\\/puertomorelos.gob.mx\\\/comunicacionsocial\\\/wp-content\\\/uploads\\\/2023\\\/02\\\/dcs.jpg\",\"width\":1500,\"height\":1127,\"caption\":\"DIRECCI\u00d3N DE COMUNICACI\u00d3N SOCIAL PUERTO MORELOS\"},\"image\":{\"@id\":\"https:\\\/\\\/puertomorelos.gob.mx\\\/comunicacionsocial\\\/#\\\/schema\\\/logo\\\/image\\\/\"},\"sameAs\":[\"https:\\\/\\\/www.facebook.com\\\/PtoMorelosAyto\",\"https:\\\/\\\/x.com\\\/PtoMorelosAyto\"]},{\"@type\":\"Person\",\"@id\":\"https:\\\/\\\/puertomorelos.gob.mx\\\/comunicacionsocial\\\/#\\\/schema\\\/person\\\/78dbbd01f21077d4240a0193131f4cfc\",\"name\":\"comunicacionsocial\"}]}<\/script>\n<!-- \/ Yoast SEO plugin. -->","yoast_head_json":{"title":"DA BLANCA MERARI LA BIENVENIDA A NI\u00d1AS Y NI\u00d1OS AL CICLO ESCOLAR 2026-2027 - Comunicaci\u00f3n Social de Puerto Morelos 2024 - 2027","robots":{"index":"index","follow":"follow","max-snippet":"max-snippet:-1","max-image-preview":"max-image-preview:large","max-video-preview":"max-video-preview:-1"},"canonical":"https:\/\/puertomorelos.gob.mx\/comunicacionsocial\/da-blanca-merari-la-bienvenida-a-ninas-y-ninos-al-ciclo-escolar-2026-2027\/","og_locale":"es_MX","og_type":"article","og_title":"DA BLANCA MERARI LA BIENVENIDA A NI\u00d1AS Y NI\u00d1OS AL CICLO ESCOLAR 2026-2027 - Comunicaci\u00f3n Social de Puerto Morelos 2024 - 2027","og_description":"Puerto Morelos, Quintana Roo, a 31 de agosto de 2026.\u2014 Con un llamado a aprovechar al m\u00e1ximo las oportunidades que brinda la educaci\u00f3n, la presidenta municipal Blanca Merari Tziu Mu\u00f1oz dio la bienvenida a ni\u00f1as, ni\u00f1os y adolescentes de Puerto Morelos al ciclo escolar 2026-2027, durante la ceremonia oficial de regreso a clases, en la [&hellip;]","og_url":"https:\/\/puertomorelos.gob.mx\/comunicacionsocial\/da-blanca-merari-la-bienvenida-a-ninas-y-ninos-al-ciclo-escolar-2026-2027\/","og_site_name":"Comunicaci\u00f3n Social de Puerto Morelos 2024 - 2027","article_publisher":"https:\/\/www.facebook.com\/PtoMorelosAyto","article_published_time":"2026-08-31T23:28:02+00:00","og_image":[{"width":1280,"height":835,"url":"https:\/\/puertomorelos.gob.mx\/comunicacionsocial\/wp-content\/uploads\/2026\/08\/DA-BLANCA-MERARI-LA-BIENVENIDA-A-NINAS-Y-NINOS-AL-CICLO-ESCOLAR-2026-2027-9.jpeg","type":"image\/jpeg"}],"author":"comunicacionsocial","twitter_card":"summary_large_image","twitter_creator":"@PtoMorelosAyto","twitter_site":"@PtoMorelosAyto","twitter_misc":{"Escrito por":"comunicacionsocial","Tiempo de lectura":"3 minutos"},"schema":{"@context":"https:\/\/schema.org","@graph":[{"@type":"Article","@id":"https:\/\/puertomorelos.gob.mx\/comunicacionsocial\/da-blanca-merari-la-bienvenida-a-ninas-y-ninos-al-ciclo-escolar-2026-2027\/#article","isPartOf":{"@id":"https:\/\/puertomorelos.gob.mx\/comunicacionsocial\/da-blanca-merari-la-bienvenida-a-ninas-y-ninos-al-ciclo-escolar-2026-2027\/"},"author":{"name":"comunicacionsocial","@id":"https:\/\/puertomorelos.gob.mx\/comunicacionsocial\/#\/schema\/person\/78dbbd01f21077d4240a0193131f4cfc"},"headline":"DA BLANCA MERARI LA BIENVENIDA A NI\u00d1AS Y NI\u00d1OS AL CICLO ESCOLAR 2026-2027","datePublished":"2026-08-31T23:28:02+00:00","mainEntityOfPage":{"@id":"https:\/\/puertomorelos.gob.mx\/comunicacionsocial\/da-blanca-merari-la-bienvenida-a-ninas-y-ninos-al-ciclo-escolar-2026-2027\/"},"wordCount":786,"publisher":{"@id":"https:\/\/puertomorelos.gob.mx\/comunicacionsocial\/#organization"},"image":{"@id":"https:\/\/puertomorelos.gob.mx\/comunicacionsocial\/da-blanca-merari-la-bienvenida-a-ninas-y-ninos-al-ciclo-escolar-2026-2027\/#primaryimage"},"thumbnailUrl":"https:\/\/puertomorelos.gob.mx\/comunicacionsocial\/wp-content\/uploads\/2026\/08\/DA-BLANCA-MERARI-LA-BIENVENIDA-A-NINAS-Y-NINOS-AL-CICLO-ESCOLAR-2026-2027-9.jpeg","articleSection":["BOLETINES"],"inLanguage":"es"},{"@type":"WebPage","@id":"https:\/\/puertomorelos.gob.mx\/comunicacionsocial\/da-blanca-merari-la-bienvenida-a-ninas-y-ninos-al-ciclo-escolar-2026-2027\/","url":"https:\/\/puertomorelos.gob.mx\/comunicacionsocial\/da-blanca-merari-la-bienvenida-a-ninas-y-ninos-al-ciclo-escolar-2026-2027\/","name":"DA BLANCA MERARI LA BIENVENIDA A NI\u00d1AS Y NI\u00d1OS AL CICLO ESCOLAR 2026-2027 - Comunicaci\u00f3n Social de Puerto Morelos 2024 - 2027","isPartOf":{"@id":"https:\/\/puertomorelos.gob.mx\/comunicacionsocial\/#website"},"primaryImageOfPage":{"@id":"https:\/\/puertomorelos.gob.mx\/comunicacionsocial\/da-blanca-merari-la-bienvenida-a-ninas-y-ninos-al-ciclo-escolar-2026-2027\/#primaryimage"},"image":{"@id":"https:\/\/puertomorelos.gob.mx\/comunicacionsocial\/da-blanca-merari-la-bienvenida-a-ninas-y-ninos-al-ciclo-escolar-2026-2027\/#primaryimage"},"thumbnailUrl":"https:\/\/puertomorelos.gob.mx\/comunicacionsocial\/wp-content\/uploads\/2026\/08\/DA-BLANCA-MERARI-LA-BIENVENIDA-A-NINAS-Y-NINOS-AL-CICLO-ESCOLAR-2026-2027-9.jpeg","datePublished":"2026-08-31T23:28:02+00:00","breadcrumb":{"@id":"https:\/\/puertomorelos.gob.mx\/comunicacionsocial\/da-blanca-merari-la-bienvenida-a-ninas-y-ninos-al-ciclo-escolar-2026-2027\/#breadcrumb"},"inLanguage":"es","potentialAction":[{"@type":"ReadAction","target":["https:\/\/puertomorelos.gob.mx\/comunicacionsocial\/da-blanca-merari-la-bienvenida-a-ninas-y-ninos-al-ciclo-escolar-2026-2027\/"]}]},{"@type":"ImageObject","inLanguage":"es","@id":"https:\/\/puertomorelos.gob.mx\/comunicacionsocial\/da-blanca-merari-la-bienvenida-a-ninas-y-ninos-al-ciclo-escolar-2026-2027\/#primaryimage","url":"https:\/\/puertomorelos.gob.mx\/comunicacionsocial\/wp-content\/uploads\/2026\/08\/DA-BLANCA-MERARI-LA-BIENVENIDA-A-NINAS-Y-NINOS-AL-CICLO-ESCOLAR-2026-2027-9.jpeg","contentUrl":"https:\/\/puertomorelos.gob.mx\/comunicacionsocial\/wp-content\/uploads\/2026\/08\/DA-BLANCA-MERARI-LA-BIENVENIDA-A-NINAS-Y-NINOS-AL-CICLO-ESCOLAR-2026-2027-9.jpeg","width":1280,"height":835},{"@type":"BreadcrumbList","@id":"https:\/\/puertomorelos.gob.mx\/comunicacionsocial\/da-blanca-merari-la-bienvenida-a-ninas-y-ninos-al-ciclo-escolar-2026-2027\/#breadcrumb","itemListElement":[{"@type":"ListItem","position":1,"name":"Inicio","item":"https:\/\/puertomorelos.gob.mx\/comunicacionsocial\/"},{"@type":"ListItem","position":2,"name":"DA BLANCA MERARI LA BIENVENIDA A NI\u00d1AS Y NI\u00d1OS AL CICLO ESCOLAR 2026-2027"}]},{"@type":"WebSite","@id":"https:\/\/puertomorelos.gob.mx\/comunicacionsocial\/#website","url":"https:\/\/puertomorelos.gob.mx\/comunicacionsocial\/","name":"DIRECCI\u00d3N DE COMUNICACI\u00d3N SOCIAL PUERTO MORELOS","description":"","publisher":{"@id":"https:\/\/puertomorelos.gob.mx\/comunicacionsocial\/#organization"},"alternateName":"DIRECCI\u00d3N DE COMUNICACI\u00d3N SOCIAL PUERTO MORELOS","potentialAction":[{"@type":"SearchAction","target":{"@type":"EntryPoint","urlTemplate":"https:\/\/puertomorelos.gob.mx\/comunicacionsocial\/?s={search_term_string}"},"query-input":{"@type":"PropertyValueSpecification","valueRequired":true,"valueName":"search_term_string"}}],"inLanguage":"es"},{"@type":"Organization","@id":"https:\/\/puertomorelos.gob.mx\/comunicacionsocial\/#organization","name":"DIRECCI\u00d3N DE COMUNICACI\u00d3N SOCIAL PUERTO MORELOS","url":"https:\/\/puertomorelos.gob.mx\/comunicacionsocial\/","logo":{"@type":"ImageObject","inLanguage":"es","@id":"https:\/\/puertomorelos.gob.mx\/comunicacionsocial\/#\/schema\/logo\/image\/","url":"https:\/\/puertomorelos.gob.mx\/comunicacionsocial\/wp-content\/uploads\/2023\/02\/dcs.jpg","contentUrl":"https:\/\/puertomorelos.gob.mx\/comunicacionsocial\/wp-content\/uploads\/2023\/02\/dcs.jpg","width":1500,"height":1127,"caption":"DIRECCI\u00d3N DE COMUNICACI\u00d3N SOCIAL PUERTO MORELOS"},"image":{"@id":"https:\/\/puertomorelos.gob.mx\/comunicacionsocial\/#\/schema\/logo\/image\/"},"sameAs":["https:\/\/www.facebook.com\/PtoMorelosAyto","https:\/\/x.com\/PtoMorelosAyto"]},{"@type":"Person","@id":"https:\/\/puertomorelos.gob.mx\/comunicacionsocial\/#\/schema\/person\/78dbbd01f21077d4240a0193131f4cfc","name":"comunicacionsocial"}]}},"amp_enabled":true,"_links":{"self":[{"href":"https:\/\/puertomorelos.gob.mx\/comunicacionsocial\/wp-json\/wp\/v2\/posts\/36744","targetHints":{"allow":["GET"]}}],"collection":[{"href":"https:\/\/puertomorelos.gob.mx\/comunicacionsocial\/wp-json\/wp\/v2\/posts"}],"about":[{"href":"https:\/\/puertomorelos.gob.mx\/comunicacionsocial\/wp-json\/wp\/v2\/types\/post"}],"author":[{"embeddable":true,"href":"https:\/\/puertomorelos.gob.mx\/comunicacionsocial\/wp-json\/wp\/v2\/users\/1"}],"replies":[{"embeddable":true,"href":"https:\/\/puertomorelos.gob.mx\/comunicacionsocial\/wp-json\/wp\/v2\/comments?post=36744"}],"version-history":[{"count":1,"href":"https:\/\/puertomorelos.gob.mx\/comunicacionsocial\/wp-json\/wp\/v2\/posts\/36744\/revisions"}],"predecessor-version":[{"id":36756,"href":"https:\/\/puertomorelos.gob.mx\/comunicacionsocial\/wp-json\/wp\/v2\/posts\/36744\/revisions\/36756"}],"wp:featuredmedia":[{"embeddable":true,"href":"https:\/\/puertomorelos.gob.mx\/comunicacionsocial\/wp-json\/wp\/v2\/media\/36753"}],"wp:attachment":[{"href":"https:\/\/puertomorelos.gob.mx\/comunicacionsocial\/wp-json\/wp\/v2\/media?parent=36744"}],"wp:term":[{"taxonomy":"category","embeddable":true,"href":"https:\/\/puertomorelos.gob.mx\/comunicacionsocial\/wp-json\/wp\/v2\/categories?post=36744"},{"taxonomy":"post_tag","embeddable":true,"href":"https:\/\/puertomorelos.gob.mx\/comunicacionsocial\/wp-json\/wp\/v2\/tags?post=36744"}],"curies":[{"name":"wp","href":"https:\/\/api.w.org\/{rel}","templated":true}]}}