{"id":36721,"date":"2026-08-29T17:22:32","date_gmt":"2026-08-29T23:22:32","guid":{"rendered":"https:\/\/puertomorelos.gob.mx\/comunicacionsocial\/?p=36721"},"modified":"2026-08-31T17:23:49","modified_gmt":"2026-08-31T23:23:49","slug":"clausura-blanca-merari-el-taller-de-verano-de-pintura-2026","status":"publish","type":"post","link":"https:\/\/puertomorelos.gob.mx\/comunicacionsocial\/clausura-blanca-merari-el-taller-de-verano-de-pintura-2026\/","title":{"rendered":"CLAUSURA BLANCA MERARI EL TALLER DE VERANO DE PINTURA 2026"},"content":{"rendered":"<p style=\"text-align: justify;\"><strong>Puerto Morelos, Quintana Roo, a 29 de agosto de 2026.\u2014 La presidenta municipal Blanca Merari Tziu Mu\u00f1oz clausur\u00f3 el Taller de Verano de Pintura 2026, organizado por el Centro Cultural y Museo de Puerto Morelos, donde entreg\u00f3 reconocimientos a las y los 38 participantes que durante agosto encontraron en el arte un espacio para aprender, convivir y desarrollar su creatividad.<\/strong><\/p>\n<p style=\"text-align: justify;\">Ante ni\u00f1as, ni\u00f1os, j\u00f3venes, adultos y madres y padres de familia, la Presidenta Municipal destac\u00f3 la confianza de la ciudadan\u00eda en las actividades que se impulsan desde el Centro Cultural y Museo, dise\u00f1adas para brindar oportunidades de recreaci\u00f3n y diversi\u00f3n para chicos y grandes, pero tambi\u00e9n para fortalecer sus capacidades y despertar su imaginaci\u00f3n.<\/p>\n<blockquote>\n<p style=\"text-align: justify;\">\u201cEstamos muy contentos de la gran participaci\u00f3n en el Centro Cultural y Museo de Puerto Morelos que es de todas y todos y qu\u00e9 mejor que hacerlo a trav\u00e9s de un gran taller de pintura, en el que nuestras ni\u00f1as, ni\u00f1os, j\u00f3venes y adultos no solamente aprendieron nuevas t\u00e9cnicas, sino que tambi\u00e9n tuvieron la oportunidad de plasmar en sus obras la belleza y la riqueza natural de nuestro municipio\u201d, expres\u00f3.<\/p>\n<\/blockquote>\n<p style=\"text-align: justify;\">Blanca Merari agradeci\u00f3 a las familias por confiar en las actividades culturales y por impulsar el talento de sus hijas e hijos, as\u00ed como a las y los j\u00f3venes y adultos participantes, a quienes record\u00f3 que nunca hay edad para aprender, crear y disfrutar del arte.<\/p>\n<p style=\"text-align: justify;\">El taller se desarroll\u00f3 del 3 al 27 de agosto, bajo la coordinaci\u00f3n del director del Centro Cultural y Museo de Puerto Morelos, C\u00e9sar Santiago Garc\u00eda, con el acompa\u00f1amiento del artista y curador Alfredo S\u00e1nchez Monroy y personal colaborador.<\/p>\n<p style=\"text-align: justify;\">Durante las sesiones, las y los participantes exploraron diferentes t\u00e9cnicas de pintura y crearon obras inspiradas en elementos representativos de Puerto Morelos, como el Faro Inclinado y el Muelle de Pescadores, el arrecife y la vida marina, los manglares, los cenotes, as\u00ed como los paisajes y atardeceres del municipio.<\/p>\n<p style=\"text-align: justify;\">De esta manera, el arte se convirti\u00f3 tambi\u00e9n en una herramienta para fortalecer el conocimiento, el sentido de pertenencia y la valoraci\u00f3n del patrimonio natural y cultural de Puerto Morelos.<\/p>\n<p style=\"text-align: justify;\">En representaci\u00f3n de las ni\u00f1as y ni\u00f1os participantes, Natalie Alexa Acosta Kant\u00fan, segunda regidora del Cabildo Infantil, agradeci\u00f3 a la Presidenta Municipal por impulsar espacios en los que las nuevas generaciones pueden acercarse al arte y desarrollar su imaginaci\u00f3n.<\/p>\n<blockquote>\n<p style=\"text-align: justify;\">\u201cGracias por creer en nosotros y por hacer posible que durante estas vacaciones tengamos actividades bonitas, divertidas y que nos dejen grandes aprendizajes y recuerdos\u201d, expres\u00f3.<\/p>\n<\/blockquote>\n<p style=\"text-align: justify;\">Por su parte, el director del Centro Cultural y Museo, C\u00e9sar Santiago Garc\u00eda, se\u00f1al\u00f3 que la clausura representa el final de un taller que comenz\u00f3 con pinceles, pintura y mucha ilusi\u00f3n, y que durante varias semanas se convirti\u00f3 en un espacio de aprendizaje, amistad, risas y creatividad.<\/p>\n<p style=\"text-align: justify;\">Agradeci\u00f3 a la presidenta Blanca Merari Tziu Mu\u00f1oz por su sensibilidad y respaldo para generar espacios en los que ni\u00f1as, ni\u00f1os, j\u00f3venes y adultos puedan descubrir sus habilidades y expresar, a trav\u00e9s del arte, las bellezas naturales de Puerto Morelos.<\/p>\n<p style=\"text-align: justify;\">Asimismo, reconoci\u00f3 el trabajo del equipo del Centro Cultural y Museo y, de manera especial, la participaci\u00f3n de Gema y Valentina, quienes acompa\u00f1aron a las y los participantes durante el desarrollo de las actividades y tambi\u00e9n recibieron un reconocimiento por su colaboraci\u00f3n.<\/p>\n<p style=\"text-align: justify;\"><strong>La Presidenta Municipal tambi\u00e9n agradeci\u00f3 a Jade Tirado Canto, coordinadora general de Actividades y Eventos de Colorland, patrocinador del taller, por el apoyo con los materiales que hicieron posible que las y los alumnos dieran color y vida a sus obras.<\/strong><\/p>\n<p style=\"text-align: justify;\"><strong>-0-0-0-0-0-<\/strong><\/p>\n","protected":false},"excerpt":{"rendered":"<p>Puerto Morelos, Quintana Roo, a 29 de agosto de 2026.\u2014 La presidenta municipal Blanca Merari Tziu Mu\u00f1oz clausur\u00f3 el Taller de Verano de Pintura 2026, organizado por el Centro Cultural y Museo de Puerto Morelos, donde entreg\u00f3 reconocimientos a las y los 38 participantes que durante agosto encontraron en el arte un espacio para aprender, [&hellip;]<\/p>\n","protected":false},"author":1,"featured_media":36722,"comment_status":"closed","ping_status":"closed","sticky":false,"template":"","format":"gallery","meta":{"footnotes":""},"categories":[1],"tags":[],"class_list":["post-36721","post","type-post","status-publish","format-gallery","has-post-thumbnail","hentry","category-boletines","post_format-post-format-gallery"],"yoast_head":"<!-- This site is optimized with the Yoast SEO plugin v28.3 - https:\/\/yoast.com\/product\/yoast-seo-wordpress\/ -->\n<title>CLAUSURA BLANCA MERARI EL TALLER DE VERANO DE PINTURA 2026 - Comunicaci\u00f3n Social de Puerto Morelos 2024 - 2027<\/title>\n<meta name=\"robots\" content=\"index, follow, max-snippet:-1, max-image-preview:large, max-video-preview:-1\" \/>\n<link rel=\"canonical\" href=\"https:\/\/puertomorelos.gob.mx\/comunicacionsocial\/clausura-blanca-merari-el-taller-de-verano-de-pintura-2026\/\" \/>\n<meta property=\"og:locale\" content=\"es_MX\" \/>\n<meta property=\"og:type\" content=\"article\" \/>\n<meta property=\"og:title\" content=\"CLAUSURA BLANCA MERARI EL TALLER DE VERANO DE PINTURA 2026 - Comunicaci\u00f3n Social de Puerto Morelos 2024 - 2027\" \/>\n<meta property=\"og:description\" content=\"Puerto Morelos, Quintana Roo, a 29 de agosto de 2026.\u2014 La presidenta municipal Blanca Merari Tziu Mu\u00f1oz clausur\u00f3 el Taller de Verano de Pintura 2026, organizado por el Centro Cultural y Museo de Puerto Morelos, donde entreg\u00f3 reconocimientos a las y los 38 participantes que durante agosto encontraron en el arte un espacio para aprender, [&hellip;]\" \/>\n<meta property=\"og:url\" content=\"https:\/\/puertomorelos.gob.mx\/comunicacionsocial\/clausura-blanca-merari-el-taller-de-verano-de-pintura-2026\/\" \/>\n<meta property=\"og:site_name\" content=\"Comunicaci\u00f3n Social de Puerto Morelos 2024 - 2027\" \/>\n<meta property=\"article:publisher\" content=\"https:\/\/www.facebook.com\/PtoMorelosAyto\" \/>\n<meta property=\"article:published_time\" content=\"2026-08-29T23:22:32+00:00\" \/>\n<meta property=\"article:modified_time\" content=\"2026-08-31T23:23:49+00:00\" \/>\n<meta property=\"og:image\" content=\"https:\/\/puertomorelos.gob.mx\/comunicacionsocial\/wp-content\/uploads\/2026\/08\/CLAUSURA-BLANCA-MERARI-EL-TALLER-DE-VERANO-DE-PINTURA-2026-1.jpeg\" \/>\n\t<meta property=\"og:image:width\" content=\"1280\" \/>\n\t<meta property=\"og:image:height\" content=\"793\" \/>\n\t<meta property=\"og:image:type\" content=\"image\/jpeg\" \/>\n<meta name=\"author\" content=\"comunicacionsocial\" \/>\n<meta name=\"twitter:card\" content=\"summary_large_image\" \/>\n<meta name=\"twitter:creator\" content=\"@PtoMorelosAyto\" \/>\n<meta name=\"twitter:site\" content=\"@PtoMorelosAyto\" \/>\n<meta name=\"twitter:label1\" content=\"Escrito por\" \/>\n\t<meta name=\"twitter:data1\" content=\"comunicacionsocial\" \/>\n\t<meta name=\"twitter:label2\" content=\"Tiempo de lectura\" \/>\n\t<meta name=\"twitter:data2\" content=\"3 minutos\" \/>\n<script type=\"application\/ld+json\" class=\"yoast-schema-graph\">{\"@context\":\"https:\\\/\\\/schema.org\",\"@graph\":[{\"@type\":\"Article\",\"@id\":\"https:\\\/\\\/puertomorelos.gob.mx\\\/comunicacionsocial\\\/clausura-blanca-merari-el-taller-de-verano-de-pintura-2026\\\/#article\",\"isPartOf\":{\"@id\":\"https:\\\/\\\/puertomorelos.gob.mx\\\/comunicacionsocial\\\/clausura-blanca-merari-el-taller-de-verano-de-pintura-2026\\\/\"},\"author\":{\"name\":\"comunicacionsocial\",\"@id\":\"https:\\\/\\\/puertomorelos.gob.mx\\\/comunicacionsocial\\\/#\\\/schema\\\/person\\\/78dbbd01f21077d4240a0193131f4cfc\"},\"headline\":\"CLAUSURA BLANCA MERARI EL TALLER DE VERANO DE PINTURA 2026\",\"datePublished\":\"2026-08-29T23:22:32+00:00\",\"dateModified\":\"2026-08-31T23:23:49+00:00\",\"mainEntityOfPage\":{\"@id\":\"https:\\\/\\\/puertomorelos.gob.mx\\\/comunicacionsocial\\\/clausura-blanca-merari-el-taller-de-verano-de-pintura-2026\\\/\"},\"wordCount\":636,\"publisher\":{\"@id\":\"https:\\\/\\\/puertomorelos.gob.mx\\\/comunicacionsocial\\\/#organization\"},\"image\":{\"@id\":\"https:\\\/\\\/puertomorelos.gob.mx\\\/comunicacionsocial\\\/clausura-blanca-merari-el-taller-de-verano-de-pintura-2026\\\/#primaryimage\"},\"thumbnailUrl\":\"https:\\\/\\\/puertomorelos.gob.mx\\\/comunicacionsocial\\\/wp-content\\\/uploads\\\/2026\\\/08\\\/CLAUSURA-BLANCA-MERARI-EL-TALLER-DE-VERANO-DE-PINTURA-2026-1.jpeg\",\"articleSection\":[\"BOLETINES\"],\"inLanguage\":\"es\"},{\"@type\":\"WebPage\",\"@id\":\"https:\\\/\\\/puertomorelos.gob.mx\\\/comunicacionsocial\\\/clausura-blanca-merari-el-taller-de-verano-de-pintura-2026\\\/\",\"url\":\"https:\\\/\\\/puertomorelos.gob.mx\\\/comunicacionsocial\\\/clausura-blanca-merari-el-taller-de-verano-de-pintura-2026\\\/\",\"name\":\"CLAUSURA BLANCA MERARI EL TALLER DE VERANO DE PINTURA 2026 - Comunicaci\u00f3n Social de Puerto Morelos 2024 - 2027\",\"isPartOf\":{\"@id\":\"https:\\\/\\\/puertomorelos.gob.mx\\\/comunicacionsocial\\\/#website\"},\"primaryImageOfPage\":{\"@id\":\"https:\\\/\\\/puertomorelos.gob.mx\\\/comunicacionsocial\\\/clausura-blanca-merari-el-taller-de-verano-de-pintura-2026\\\/#primaryimage\"},\"image\":{\"@id\":\"https:\\\/\\\/puertomorelos.gob.mx\\\/comunicacionsocial\\\/clausura-blanca-merari-el-taller-de-verano-de-pintura-2026\\\/#primaryimage\"},\"thumbnailUrl\":\"https:\\\/\\\/puertomorelos.gob.mx\\\/comunicacionsocial\\\/wp-content\\\/uploads\\\/2026\\\/08\\\/CLAUSURA-BLANCA-MERARI-EL-TALLER-DE-VERANO-DE-PINTURA-2026-1.jpeg\",\"datePublished\":\"2026-08-29T23:22:32+00:00\",\"dateModified\":\"2026-08-31T23:23:49+00:00\",\"breadcrumb\":{\"@id\":\"https:\\\/\\\/puertomorelos.gob.mx\\\/comunicacionsocial\\\/clausura-blanca-merari-el-taller-de-verano-de-pintura-2026\\\/#breadcrumb\"},\"inLanguage\":\"es\",\"potentialAction\":[{\"@type\":\"ReadAction\",\"target\":[\"https:\\\/\\\/puertomorelos.gob.mx\\\/comunicacionsocial\\\/clausura-blanca-merari-el-taller-de-verano-de-pintura-2026\\\/\"]}]},{\"@type\":\"ImageObject\",\"inLanguage\":\"es\",\"@id\":\"https:\\\/\\\/puertomorelos.gob.mx\\\/comunicacionsocial\\\/clausura-blanca-merari-el-taller-de-verano-de-pintura-2026\\\/#primaryimage\",\"url\":\"https:\\\/\\\/puertomorelos.gob.mx\\\/comunicacionsocial\\\/wp-content\\\/uploads\\\/2026\\\/08\\\/CLAUSURA-BLANCA-MERARI-EL-TALLER-DE-VERANO-DE-PINTURA-2026-1.jpeg\",\"contentUrl\":\"https:\\\/\\\/puertomorelos.gob.mx\\\/comunicacionsocial\\\/wp-content\\\/uploads\\\/2026\\\/08\\\/CLAUSURA-BLANCA-MERARI-EL-TALLER-DE-VERANO-DE-PINTURA-2026-1.jpeg\",\"width\":1280,\"height\":793},{\"@type\":\"BreadcrumbList\",\"@id\":\"https:\\\/\\\/puertomorelos.gob.mx\\\/comunicacionsocial\\\/clausura-blanca-merari-el-taller-de-verano-de-pintura-2026\\\/#breadcrumb\",\"itemListElement\":[{\"@type\":\"ListItem\",\"position\":1,\"name\":\"Inicio\",\"item\":\"https:\\\/\\\/puertomorelos.gob.mx\\\/comunicacionsocial\\\/\"},{\"@type\":\"ListItem\",\"position\":2,\"name\":\"CLAUSURA BLANCA MERARI EL TALLER DE VERANO DE PINTURA 2026\"}]},{\"@type\":\"WebSite\",\"@id\":\"https:\\\/\\\/puertomorelos.gob.mx\\\/comunicacionsocial\\\/#website\",\"url\":\"https:\\\/\\\/puertomorelos.gob.mx\\\/comunicacionsocial\\\/\",\"name\":\"DIRECCI\u00d3N DE COMUNICACI\u00d3N SOCIAL PUERTO MORELOS\",\"description\":\"\",\"publisher\":{\"@id\":\"https:\\\/\\\/puertomorelos.gob.mx\\\/comunicacionsocial\\\/#organization\"},\"alternateName\":\"DIRECCI\u00d3N DE COMUNICACI\u00d3N SOCIAL PUERTO MORELOS\",\"potentialAction\":[{\"@type\":\"SearchAction\",\"target\":{\"@type\":\"EntryPoint\",\"urlTemplate\":\"https:\\\/\\\/puertomorelos.gob.mx\\\/comunicacionsocial\\\/?s={search_term_string}\"},\"query-input\":{\"@type\":\"PropertyValueSpecification\",\"valueRequired\":true,\"valueName\":\"search_term_string\"}}],\"inLanguage\":\"es\"},{\"@type\":\"Organization\",\"@id\":\"https:\\\/\\\/puertomorelos.gob.mx\\\/comunicacionsocial\\\/#organization\",\"name\":\"DIRECCI\u00d3N DE COMUNICACI\u00d3N SOCIAL PUERTO MORELOS\",\"url\":\"https:\\\/\\\/puertomorelos.gob.mx\\\/comunicacionsocial\\\/\",\"logo\":{\"@type\":\"ImageObject\",\"inLanguage\":\"es\",\"@id\":\"https:\\\/\\\/puertomorelos.gob.mx\\\/comunicacionsocial\\\/#\\\/schema\\\/logo\\\/image\\\/\",\"url\":\"https:\\\/\\\/puertomorelos.gob.mx\\\/comunicacionsocial\\\/wp-content\\\/uploads\\\/2023\\\/02\\\/dcs.jpg\",\"contentUrl\":\"https:\\\/\\\/puertomorelos.gob.mx\\\/comunicacionsocial\\\/wp-content\\\/uploads\\\/2023\\\/02\\\/dcs.jpg\",\"width\":1500,\"height\":1127,\"caption\":\"DIRECCI\u00d3N DE COMUNICACI\u00d3N SOCIAL PUERTO MORELOS\"},\"image\":{\"@id\":\"https:\\\/\\\/puertomorelos.gob.mx\\\/comunicacionsocial\\\/#\\\/schema\\\/logo\\\/image\\\/\"},\"sameAs\":[\"https:\\\/\\\/www.facebook.com\\\/PtoMorelosAyto\",\"https:\\\/\\\/x.com\\\/PtoMorelosAyto\"]},{\"@type\":\"Person\",\"@id\":\"https:\\\/\\\/puertomorelos.gob.mx\\\/comunicacionsocial\\\/#\\\/schema\\\/person\\\/78dbbd01f21077d4240a0193131f4cfc\",\"name\":\"comunicacionsocial\"}]}<\/script>\n<!-- \/ Yoast SEO plugin. -->","yoast_head_json":{"title":"CLAUSURA BLANCA MERARI EL TALLER DE VERANO DE PINTURA 2026 - Comunicaci\u00f3n Social de Puerto Morelos 2024 - 2027","robots":{"index":"index","follow":"follow","max-snippet":"max-snippet:-1","max-image-preview":"max-image-preview:large","max-video-preview":"max-video-preview:-1"},"canonical":"https:\/\/puertomorelos.gob.mx\/comunicacionsocial\/clausura-blanca-merari-el-taller-de-verano-de-pintura-2026\/","og_locale":"es_MX","og_type":"article","og_title":"CLAUSURA BLANCA MERARI EL TALLER DE VERANO DE PINTURA 2026 - Comunicaci\u00f3n Social de Puerto Morelos 2024 - 2027","og_description":"Puerto Morelos, Quintana Roo, a 29 de agosto de 2026.\u2014 La presidenta municipal Blanca Merari Tziu Mu\u00f1oz clausur\u00f3 el Taller de Verano de Pintura 2026, organizado por el Centro Cultural y Museo de Puerto Morelos, donde entreg\u00f3 reconocimientos a las y los 38 participantes que durante agosto encontraron en el arte un espacio para aprender, [&hellip;]","og_url":"https:\/\/puertomorelos.gob.mx\/comunicacionsocial\/clausura-blanca-merari-el-taller-de-verano-de-pintura-2026\/","og_site_name":"Comunicaci\u00f3n Social de Puerto Morelos 2024 - 2027","article_publisher":"https:\/\/www.facebook.com\/PtoMorelosAyto","article_published_time":"2026-08-29T23:22:32+00:00","article_modified_time":"2026-08-31T23:23:49+00:00","og_image":[{"width":1280,"height":793,"url":"https:\/\/puertomorelos.gob.mx\/comunicacionsocial\/wp-content\/uploads\/2026\/08\/CLAUSURA-BLANCA-MERARI-EL-TALLER-DE-VERANO-DE-PINTURA-2026-1.jpeg","type":"image\/jpeg"}],"author":"comunicacionsocial","twitter_card":"summary_large_image","twitter_creator":"@PtoMorelosAyto","twitter_site":"@PtoMorelosAyto","twitter_misc":{"Escrito por":"comunicacionsocial","Tiempo de lectura":"3 minutos"},"schema":{"@context":"https:\/\/schema.org","@graph":[{"@type":"Article","@id":"https:\/\/puertomorelos.gob.mx\/comunicacionsocial\/clausura-blanca-merari-el-taller-de-verano-de-pintura-2026\/#article","isPartOf":{"@id":"https:\/\/puertomorelos.gob.mx\/comunicacionsocial\/clausura-blanca-merari-el-taller-de-verano-de-pintura-2026\/"},"author":{"name":"comunicacionsocial","@id":"https:\/\/puertomorelos.gob.mx\/comunicacionsocial\/#\/schema\/person\/78dbbd01f21077d4240a0193131f4cfc"},"headline":"CLAUSURA BLANCA MERARI EL TALLER DE VERANO DE PINTURA 2026","datePublished":"2026-08-29T23:22:32+00:00","dateModified":"2026-08-31T23:23:49+00:00","mainEntityOfPage":{"@id":"https:\/\/puertomorelos.gob.mx\/comunicacionsocial\/clausura-blanca-merari-el-taller-de-verano-de-pintura-2026\/"},"wordCount":636,"publisher":{"@id":"https:\/\/puertomorelos.gob.mx\/comunicacionsocial\/#organization"},"image":{"@id":"https:\/\/puertomorelos.gob.mx\/comunicacionsocial\/clausura-blanca-merari-el-taller-de-verano-de-pintura-2026\/#primaryimage"},"thumbnailUrl":"https:\/\/puertomorelos.gob.mx\/comunicacionsocial\/wp-content\/uploads\/2026\/08\/CLAUSURA-BLANCA-MERARI-EL-TALLER-DE-VERANO-DE-PINTURA-2026-1.jpeg","articleSection":["BOLETINES"],"inLanguage":"es"},{"@type":"WebPage","@id":"https:\/\/puertomorelos.gob.mx\/comunicacionsocial\/clausura-blanca-merari-el-taller-de-verano-de-pintura-2026\/","url":"https:\/\/puertomorelos.gob.mx\/comunicacionsocial\/clausura-blanca-merari-el-taller-de-verano-de-pintura-2026\/","name":"CLAUSURA BLANCA MERARI EL TALLER DE VERANO DE PINTURA 2026 - Comunicaci\u00f3n Social de Puerto Morelos 2024 - 2027","isPartOf":{"@id":"https:\/\/puertomorelos.gob.mx\/comunicacionsocial\/#website"},"primaryImageOfPage":{"@id":"https:\/\/puertomorelos.gob.mx\/comunicacionsocial\/clausura-blanca-merari-el-taller-de-verano-de-pintura-2026\/#primaryimage"},"image":{"@id":"https:\/\/puertomorelos.gob.mx\/comunicacionsocial\/clausura-blanca-merari-el-taller-de-verano-de-pintura-2026\/#primaryimage"},"thumbnailUrl":"https:\/\/puertomorelos.gob.mx\/comunicacionsocial\/wp-content\/uploads\/2026\/08\/CLAUSURA-BLANCA-MERARI-EL-TALLER-DE-VERANO-DE-PINTURA-2026-1.jpeg","datePublished":"2026-08-29T23:22:32+00:00","dateModified":"2026-08-31T23:23:49+00:00","breadcrumb":{"@id":"https:\/\/puertomorelos.gob.mx\/comunicacionsocial\/clausura-blanca-merari-el-taller-de-verano-de-pintura-2026\/#breadcrumb"},"inLanguage":"es","potentialAction":[{"@type":"ReadAction","target":["https:\/\/puertomorelos.gob.mx\/comunicacionsocial\/clausura-blanca-merari-el-taller-de-verano-de-pintura-2026\/"]}]},{"@type":"ImageObject","inLanguage":"es","@id":"https:\/\/puertomorelos.gob.mx\/comunicacionsocial\/clausura-blanca-merari-el-taller-de-verano-de-pintura-2026\/#primaryimage","url":"https:\/\/puertomorelos.gob.mx\/comunicacionsocial\/wp-content\/uploads\/2026\/08\/CLAUSURA-BLANCA-MERARI-EL-TALLER-DE-VERANO-DE-PINTURA-2026-1.jpeg","contentUrl":"https:\/\/puertomorelos.gob.mx\/comunicacionsocial\/wp-content\/uploads\/2026\/08\/CLAUSURA-BLANCA-MERARI-EL-TALLER-DE-VERANO-DE-PINTURA-2026-1.jpeg","width":1280,"height":793},{"@type":"BreadcrumbList","@id":"https:\/\/puertomorelos.gob.mx\/comunicacionsocial\/clausura-blanca-merari-el-taller-de-verano-de-pintura-2026\/#breadcrumb","itemListElement":[{"@type":"ListItem","position":1,"name":"Inicio","item":"https:\/\/puertomorelos.gob.mx\/comunicacionsocial\/"},{"@type":"ListItem","position":2,"name":"CLAUSURA BLANCA MERARI EL TALLER DE VERANO DE PINTURA 2026"}]},{"@type":"WebSite","@id":"https:\/\/puertomorelos.gob.mx\/comunicacionsocial\/#website","url":"https:\/\/puertomorelos.gob.mx\/comunicacionsocial\/","name":"DIRECCI\u00d3N DE COMUNICACI\u00d3N SOCIAL PUERTO MORELOS","description":"","publisher":{"@id":"https:\/\/puertomorelos.gob.mx\/comunicacionsocial\/#organization"},"alternateName":"DIRECCI\u00d3N DE COMUNICACI\u00d3N SOCIAL PUERTO MORELOS","potentialAction":[{"@type":"SearchAction","target":{"@type":"EntryPoint","urlTemplate":"https:\/\/puertomorelos.gob.mx\/comunicacionsocial\/?s={search_term_string}"},"query-input":{"@type":"PropertyValueSpecification","valueRequired":true,"valueName":"search_term_string"}}],"inLanguage":"es"},{"@type":"Organization","@id":"https:\/\/puertomorelos.gob.mx\/comunicacionsocial\/#organization","name":"DIRECCI\u00d3N DE COMUNICACI\u00d3N SOCIAL PUERTO MORELOS","url":"https:\/\/puertomorelos.gob.mx\/comunicacionsocial\/","logo":{"@type":"ImageObject","inLanguage":"es","@id":"https:\/\/puertomorelos.gob.mx\/comunicacionsocial\/#\/schema\/logo\/image\/","url":"https:\/\/puertomorelos.gob.mx\/comunicacionsocial\/wp-content\/uploads\/2023\/02\/dcs.jpg","contentUrl":"https:\/\/puertomorelos.gob.mx\/comunicacionsocial\/wp-content\/uploads\/2023\/02\/dcs.jpg","width":1500,"height":1127,"caption":"DIRECCI\u00d3N DE COMUNICACI\u00d3N SOCIAL PUERTO MORELOS"},"image":{"@id":"https:\/\/puertomorelos.gob.mx\/comunicacionsocial\/#\/schema\/logo\/image\/"},"sameAs":["https:\/\/www.facebook.com\/PtoMorelosAyto","https:\/\/x.com\/PtoMorelosAyto"]},{"@type":"Person","@id":"https:\/\/puertomorelos.gob.mx\/comunicacionsocial\/#\/schema\/person\/78dbbd01f21077d4240a0193131f4cfc","name":"comunicacionsocial"}]}},"amp_enabled":true,"_links":{"self":[{"href":"https:\/\/puertomorelos.gob.mx\/comunicacionsocial\/wp-json\/wp\/v2\/posts\/36721","targetHints":{"allow":["GET"]}}],"collection":[{"href":"https:\/\/puertomorelos.gob.mx\/comunicacionsocial\/wp-json\/wp\/v2\/posts"}],"about":[{"href":"https:\/\/puertomorelos.gob.mx\/comunicacionsocial\/wp-json\/wp\/v2\/types\/post"}],"author":[{"embeddable":true,"href":"https:\/\/puertomorelos.gob.mx\/comunicacionsocial\/wp-json\/wp\/v2\/users\/1"}],"replies":[{"embeddable":true,"href":"https:\/\/puertomorelos.gob.mx\/comunicacionsocial\/wp-json\/wp\/v2\/comments?post=36721"}],"version-history":[{"count":1,"href":"https:\/\/puertomorelos.gob.mx\/comunicacionsocial\/wp-json\/wp\/v2\/posts\/36721\/revisions"}],"predecessor-version":[{"id":36730,"href":"https:\/\/puertomorelos.gob.mx\/comunicacionsocial\/wp-json\/wp\/v2\/posts\/36721\/revisions\/36730"}],"wp:featuredmedia":[{"embeddable":true,"href":"https:\/\/puertomorelos.gob.mx\/comunicacionsocial\/wp-json\/wp\/v2\/media\/36722"}],"wp:attachment":[{"href":"https:\/\/puertomorelos.gob.mx\/comunicacionsocial\/wp-json\/wp\/v2\/media?parent=36721"}],"wp:term":[{"taxonomy":"category","embeddable":true,"href":"https:\/\/puertomorelos.gob.mx\/comunicacionsocial\/wp-json\/wp\/v2\/categories?post=36721"},{"taxonomy":"post_tag","embeddable":true,"href":"https:\/\/puertomorelos.gob.mx\/comunicacionsocial\/wp-json\/wp\/v2\/tags?post=36721"}],"curies":[{"name":"wp","href":"https:\/\/api.w.org\/{rel}","templated":true}]}}